{"id":8794,"date":"2022-08-17T23:34:22","date_gmt":"2022-08-17T21:34:22","guid":{"rendered":"https:\/\/lausitzer-sportevents.de\/marathon\/?p=8794"},"modified":"2022-08-23T08:48:28","modified_gmt":"2022-08-23T06:48:28","slug":"schockierend-absurd-traurig-politik-ohne-durchsetzung","status":"publish","type":"post","link":"https:\/\/lausitzer-sportevents.de\/marathon\/spreewaldmarathon\/schockierend-absurd-traurig-politik-ohne-durchsetzung\/","title":{"rendered":"Schockierend, absurd, traurig \u2013 Politik ohne Durchsetzung"},"content":{"rendered":"\n<h3 class=\"wp-block-heading\">Wie soll man das Werten, was da gerade im Spreewald passiert?<\/h3>\n\n\n\n<h4 class=\"wp-block-heading\"><strong>Zur Sache:<\/strong><\/h4>\n\n\n\n<p>Es wird wohl so sein,<br><strong>das Herzst\u00fcck des Spreewaldmarathons<\/strong>, die sch\u00f6nste touristische Strecke im Spreewald \u00fcberhaupt, die Strecke mit der gr\u00f6\u00dften Fernwirkung, die Strecke die wir 20 Jahre lang schon gelaufen sind, der Biosph\u00e4renreservatslauf,\u00a0<strong>diese d\u00fcrfen wir nicht mehr laufen, nicht mehr walken und nicht mehr wandern<\/strong>.<\/p>\n\n\n\n<p class=\"has-vivid-red-color has-text-color\"><em>Diese Strecke darf nicht mehr gelaufen, gewalkt oder gewandert werden.<\/em><\/p>\n\n\n\n<figure class=\"wp-block-image size-large\"><img loading=\"lazy\" decoding=\"async\" width=\"1024\" height=\"724\" src=\"https:\/\/lausitzer-sportevents.de\/marathon\/wp-content\/uploads\/Luebbenau-215-km-2-1024x724.jpg\" alt=\"\" class=\"wp-image-8805\" srcset=\"https:\/\/lausitzer-sportevents.de\/marathon\/wp-content\/uploads\/Luebbenau-215-km-2-1024x724.jpg 1024w, https:\/\/lausitzer-sportevents.de\/marathon\/wp-content\/uploads\/Luebbenau-215-km-2-300x212.jpg 300w, https:\/\/lausitzer-sportevents.de\/marathon\/wp-content\/uploads\/Luebbenau-215-km-2-768x543.jpg 768w, https:\/\/lausitzer-sportevents.de\/marathon\/wp-content\/uploads\/Luebbenau-215-km-2-1536x1086.jpg 1536w, https:\/\/lausitzer-sportevents.de\/marathon\/wp-content\/uploads\/Luebbenau-215-km-2-2048x1448.jpg 2048w, https:\/\/lausitzer-sportevents.de\/marathon\/wp-content\/uploads\/Luebbenau-215-km-2-624x441.jpg 624w\" sizes=\"auto, (max-width: 1024px) 100vw, 1024px\" \/><\/figure>\n\n\n\n<p>Die Biosph\u00e4renverwaltung hat uns am 11.08.2022 mitgeteilt, f\u00fcr diese Strecke gibt es keine Zustimmung. Aus&nbsp;<strong>naturschutzfachlicher<\/strong>&nbsp;Sicht ist dies nicht mehr m\u00f6glich. Man ist der Ansicht, die Sportler sind zu laut und es ist mit dem Tierschutz nicht mehr vereinbar diese Wege (alles offizielle breite Wanderwege) zu nutzen. \u201eAls Beh\u00f6rde ist man zuerst dem Tierwohl verpflichtet\u201c, so eine der Begr\u00fcndungen.<\/p>\n\n\n\n<p>Selbst eine Vermittlung durch den Ministerpr\u00e4sidenten des Landes Brandenburg, Herrn Dietmar Woidke hat nichts gebracht. Auch die drei Landr\u00e4te der Spreewaldlandkreise und der zust\u00e4ndige Dachverband f\u00fcr den Tourismus, der Tourismusverband Spreewald hatten kein Durchsetzungsverm\u00f6gen. Der B\u00fcrgermeister der Stadt L\u00fcbbenau, Herr Wenzel, war am 17.08. noch einmal mutig und hat ein Versuch der Einlenkung unternommen \u2013 vergeblich.<\/p>\n\n\n\n<p>F\u00fcr die Verwaltung ist das Verbot der Kompromiss, dass wir am Sonntag beim Marathonlauf wenigstens etwas Spreewaldluft schnuppern d\u00fcrfen. Es war lange Zeit beabsichtig gar keine Strecken mit Spreewaldflair zuzulassen. Ihr solltet mit einer Mogelpackung fern ab vom Spreewaldzentrum abgespeist werden.<\/p>\n\n\n\n<p>Doch es gibt auch eine gute Botschaft, die Halbmarathonstrecke am Sonntag, darf fast so wie dieses Jahr gelaufen werden. Der Marathonlauf, 2022 die sch\u00f6nste Strecke, die wir je hatten, muss auf 28 Kilometern ge\u00e4ndert werden.<\/p>\n\n\n\n<p>Individuell d\u00fcrfen aber zu jeder Zeit Hunderte, an sonnigen Tagen gar Tausende Besucher, diese Wege nutzen, welche wahrscheinlich lauter als unsere Sportler sind. Dort aber auch l\u00e4nger verweilen und oftmals ihren M\u00fcll in der Landschaft hinterlassen.<\/p>\n\n\n\n<p>Im Gegensatz dazu findet der Spreewaldmarathon auf diesen Wegen kontrolliert statt und es gibt eine Teilnahmebegrenzung. Dazu l\u00e4rmen bestimmt unsere Sportler nicht, denn diese sind h\u00f6chst konzentriert, um ihr Ziel zu erreichen. Zudem hinterlassen wir diese Biosph\u00e4re jedes Mal sauberer als wir sie vorgefunden haben.<\/p>\n\n\n\n<h3 class=\"wp-block-heading\">Konzentriert auf ca. eine Stunde, an einem Tag, einmal im Jahr, soll hier das Tierwohl beeintr\u00e4chtigt werden?<\/h3>\n\n\n\n<p>Trotz des UNESCO Status ist so eine Absage der Streckenf\u00fchrung nach unserer Ansicht nicht zu tolerieren. Denn der Charakter dieser Laufveranstaltung sch\u00e4rft nicht nur den Sinn f\u00fcr die Region, sondern bringt auch dem Stadtl\u00e4ufer das au\u00dfergew\u00f6hnliche UNESCO- Biosph\u00e4renreservat Spreewald n\u00e4her. Was hier im Laufe der Jahre f\u00fcr die Region gewachsen ist, kommt mit Sicherheit dem gesamten Spreewald-Umfeld zugutekommen. Zumal auch wir der Veranstalter alles daran setzt, alle Umweltauflagen, im Schulterschluss mit allen Helfenden der anliegenden Ortschaften, zu erf\u00fcllen.<\/p>\n\n\n\n<p class=\"has-vivid-cyan-blue-color has-text-color\"><strong>Wer kann uns nun noch helfen, diesen unsinnigen Beschluss der Biosph\u00e4renreservatsverwaltung und damit der Unteren Naturschutzbeh\u00f6rde noch zu kippen?<\/strong><\/p>\n\n\n\n<p class=\"has-vivid-red-color has-text-color\"><em>Alle rot gekennzeichneten Wege d\u00fcrfen wir nicht mehr nutzen.<\/em><\/p>\n\n\n\n<figure class=\"wp-block-image size-large\"><img loading=\"lazy\" decoding=\"async\" width=\"1024\" height=\"557\" src=\"https:\/\/lausitzer-sportevents.de\/marathon\/wp-content\/uploads\/rot-Streckensperrungen-durch-Naturschutzbehoerde-1024x557.jpg\" alt=\"\" class=\"wp-image-8799\" srcset=\"https:\/\/lausitzer-sportevents.de\/marathon\/wp-content\/uploads\/rot-Streckensperrungen-durch-Naturschutzbehoerde-1024x557.jpg 1024w, https:\/\/lausitzer-sportevents.de\/marathon\/wp-content\/uploads\/rot-Streckensperrungen-durch-Naturschutzbehoerde-300x163.jpg 300w, https:\/\/lausitzer-sportevents.de\/marathon\/wp-content\/uploads\/rot-Streckensperrungen-durch-Naturschutzbehoerde-768x418.jpg 768w, https:\/\/lausitzer-sportevents.de\/marathon\/wp-content\/uploads\/rot-Streckensperrungen-durch-Naturschutzbehoerde-624x340.jpg 624w, https:\/\/lausitzer-sportevents.de\/marathon\/wp-content\/uploads\/rot-Streckensperrungen-durch-Naturschutzbehoerde.jpg 1400w\" sizes=\"auto, (max-width: 1024px) 100vw, 1024px\" \/><\/figure>\n\n\n\n<p class=\"has-vivid-cyan-blue-color has-text-color\"><br><em>Diese wundersch\u00f6ne Marathonstrecke darf nicht mehr gelaufen, gewalkt oder gewandert werden.<\/em><\/p>\n\n\n\n<figure class=\"wp-block-image size-large\"><img loading=\"lazy\" decoding=\"async\" width=\"1024\" height=\"562\" src=\"https:\/\/lausitzer-sportevents.de\/marathon\/wp-content\/uploads\/42195-km-1024x562.jpg\" alt=\"\" class=\"wp-image-8800\" srcset=\"https:\/\/lausitzer-sportevents.de\/marathon\/wp-content\/uploads\/42195-km-1024x562.jpg 1024w, https:\/\/lausitzer-sportevents.de\/marathon\/wp-content\/uploads\/42195-km-300x165.jpg 300w, https:\/\/lausitzer-sportevents.de\/marathon\/wp-content\/uploads\/42195-km-768x421.jpg 768w, https:\/\/lausitzer-sportevents.de\/marathon\/wp-content\/uploads\/42195-km-1536x843.jpg 1536w, https:\/\/lausitzer-sportevents.de\/marathon\/wp-content\/uploads\/42195-km-624x342.jpg 624w, https:\/\/lausitzer-sportevents.de\/marathon\/wp-content\/uploads\/42195-km.jpg 1700w\" sizes=\"auto, (max-width: 1024px) 100vw, 1024px\" \/><\/figure>\n\n\n\n<p class=\"has-vivid-cyan-blue-color has-text-color\"><br><em>Entwurf Halbmarathonstrecke 2023<\/em><\/p>\n\n\n\n<figure class=\"wp-block-image size-full\"><img loading=\"lazy\" decoding=\"async\" width=\"1024\" height=\"691\" src=\"https:\/\/lausitzer-sportevents.de\/marathon\/wp-content\/uploads\/Spreewaldmarathon-2023-Entwurf-21-km-1024x691-1.jpg\" alt=\"\" class=\"wp-image-8798\" srcset=\"https:\/\/lausitzer-sportevents.de\/marathon\/wp-content\/uploads\/Spreewaldmarathon-2023-Entwurf-21-km-1024x691-1.jpg 1024w, https:\/\/lausitzer-sportevents.de\/marathon\/wp-content\/uploads\/Spreewaldmarathon-2023-Entwurf-21-km-1024x691-1-300x202.jpg 300w, https:\/\/lausitzer-sportevents.de\/marathon\/wp-content\/uploads\/Spreewaldmarathon-2023-Entwurf-21-km-1024x691-1-768x518.jpg 768w, https:\/\/lausitzer-sportevents.de\/marathon\/wp-content\/uploads\/Spreewaldmarathon-2023-Entwurf-21-km-1024x691-1-624x421.jpg 624w\" sizes=\"auto, (max-width: 1024px) 100vw, 1024px\" \/><\/figure>\n\n\n\n<p class=\"has-vivid-cyan-blue-color has-text-color\"><br><em>Entwurf Marathonstrecke 2023<\/em><\/p>\n\n\n\n<figure class=\"wp-block-image size-large\"><img loading=\"lazy\" decoding=\"async\" width=\"1024\" height=\"658\" src=\"https:\/\/lausitzer-sportevents.de\/marathon\/wp-content\/uploads\/Spreewaldmarathon-2023-Entwurf-42-195-km-1024x658.jpg\" alt=\"\" class=\"wp-image-8796\" srcset=\"https:\/\/lausitzer-sportevents.de\/marathon\/wp-content\/uploads\/Spreewaldmarathon-2023-Entwurf-42-195-km-1024x658.jpg 1024w, https:\/\/lausitzer-sportevents.de\/marathon\/wp-content\/uploads\/Spreewaldmarathon-2023-Entwurf-42-195-km-300x193.jpg 300w, https:\/\/lausitzer-sportevents.de\/marathon\/wp-content\/uploads\/Spreewaldmarathon-2023-Entwurf-42-195-km-768x494.jpg 768w, https:\/\/lausitzer-sportevents.de\/marathon\/wp-content\/uploads\/Spreewaldmarathon-2023-Entwurf-42-195-km-624x401.jpg 624w, https:\/\/lausitzer-sportevents.de\/marathon\/wp-content\/uploads\/Spreewaldmarathon-2023-Entwurf-42-195-km.jpg 1400w\" sizes=\"auto, (max-width: 1024px) 100vw, 1024px\" \/><\/figure>\n","protected":false},"excerpt":{"rendered":"<p>Wie soll man das Werten, was da gerade im Spreewald passiert? <strong>Zur Sache:<\/strong> <\/p>\n<p>Es wird wohl so sein,<br \/><strong>das Herzst\u00fcck des Spreewaldmarathons<\/strong>, die sch\u00f6nste touristische Strecke im Spreewald \u00fcberhaupt, die Strecke mit der gr\u00f6\u00dften Fernwirkung, die Strecke die wir 20 Jahre lang schon gelaufen sind, der Biosph\u00e4renreservatslauf,\u00a0<strong>diese d\u00fcrfen wir nicht mehr laufen, nicht mehr walken und<\/strong><\/p>\n","protected":false},"author":3,"featured_media":0,"comment_status":"closed","ping_status":"closed","sticky":false,"template":"","format":"standard","meta":{"footnotes":""},"categories":[51,34],"tags":[],"class_list":["post-8794","post","type-post","status-publish","format-standard","hentry","category-aktuelles","category-spreewaldmarathon"],"yoast_head":"<!-- This site is optimized with the Yoast SEO plugin v26.9 - https:\/\/yoast.com\/product\/yoast-seo-wordpress\/ -->\n<title>Schockierend, absurd, traurig \u2013 Politik ohne Durchsetzung - Lausitzer Sportevents<\/title>\n<meta name=\"robots\" content=\"index, follow, max-snippet:-1, max-image-preview:large, max-video-preview:-1\" \/>\n<link rel=\"canonical\" href=\"https:\/\/lausitzer-sportevents.de\/marathon\/spreewaldmarathon\/schockierend-absurd-traurig-politik-ohne-durchsetzung\/\" \/>\n<meta property=\"og:locale\" content=\"de_DE\" \/>\n<meta property=\"og:type\" content=\"article\" \/>\n<meta property=\"og:title\" content=\"Schockierend, absurd, traurig \u2013 Politik ohne Durchsetzung - Lausitzer Sportevents\" \/>\n<meta property=\"og:description\" content=\"Wie soll man das Werten, was da gerade im Spreewald passiert? Zur Sache: Es wird wohl so sein,das Herzst\u00fcck des Spreewaldmarathons, die sch\u00f6nste touristische Strecke im Spreewald \u00fcberhaupt, die Strecke mit der gr\u00f6\u00dften Fernwirkung, die Strecke die wir 20 Jahre lang schon gelaufen sind, der Biosph\u00e4renreservatslauf,\u00a0diese d\u00fcrfen wir nicht mehr laufen, nicht mehr walken und\" \/>\n<meta property=\"og:url\" content=\"https:\/\/lausitzer-sportevents.de\/marathon\/spreewaldmarathon\/schockierend-absurd-traurig-politik-ohne-durchsetzung\/\" \/>\n<meta property=\"og:site_name\" content=\"Lausitzer Sportevents\" \/>\n<meta property=\"article:publisher\" content=\"https:\/\/www.facebook.com\/LausitzerSportEvents\" \/>\n<meta property=\"article:published_time\" content=\"2022-08-17T21:34:22+00:00\" \/>\n<meta property=\"article:modified_time\" content=\"2022-08-23T06:48:28+00:00\" \/>\n<meta property=\"og:image\" content=\"https:\/\/lausitzer-sportevents.de\/marathon\/wp-content\/uploads\/Luebbenau-215-km-2-1024x724.jpg\" \/>\n<meta name=\"author\" content=\"Lausitzer Sportevents\" \/>\n<meta name=\"twitter:card\" content=\"summary_large_image\" \/>\n<meta name=\"twitter:label1\" content=\"Verfasst von\" \/>\n\t<meta name=\"twitter:data1\" content=\"Lausitzer Sportevents\" \/>\n\t<meta name=\"twitter:label2\" content=\"Gesch\u00e4tzte Lesezeit\" \/>\n\t<meta name=\"twitter:data2\" content=\"3\u00a0Minuten\" \/>\n<script type=\"application\/ld+json\" class=\"yoast-schema-graph\">{\"@context\":\"https:\/\/schema.org\",\"@graph\":[{\"@type\":\"Article\",\"@id\":\"https:\/\/lausitzer-sportevents.de\/marathon\/spreewaldmarathon\/schockierend-absurd-traurig-politik-ohne-durchsetzung\/#article\",\"isPartOf\":{\"@id\":\"https:\/\/lausitzer-sportevents.de\/marathon\/spreewaldmarathon\/schockierend-absurd-traurig-politik-ohne-durchsetzung\/\"},\"author\":{\"name\":\"Lausitzer Sportevents\",\"@id\":\"https:\/\/lausitzer-sportevents.de\/marathon\/#\/schema\/person\/94618d8e6579f27c2b9eade119869106\"},\"headline\":\"Schockierend, absurd, traurig \u2013 Politik ohne Durchsetzung\",\"datePublished\":\"2022-08-17T21:34:22+00:00\",\"dateModified\":\"2022-08-23T06:48:28+00:00\",\"mainEntityOfPage\":{\"@id\":\"https:\/\/lausitzer-sportevents.de\/marathon\/spreewaldmarathon\/schockierend-absurd-traurig-politik-ohne-durchsetzung\/\"},\"wordCount\":525,\"publisher\":{\"@id\":\"https:\/\/lausitzer-sportevents.de\/marathon\/#organization\"},\"image\":{\"@id\":\"https:\/\/lausitzer-sportevents.de\/marathon\/spreewaldmarathon\/schockierend-absurd-traurig-politik-ohne-durchsetzung\/#primaryimage\"},\"thumbnailUrl\":\"https:\/\/lausitzer-sportevents.de\/marathon\/wp-content\/uploads\/Luebbenau-215-km-2-1024x724.jpg\",\"articleSection\":[\"Aktuelles\",\"Spreewaldmarathon\"],\"inLanguage\":\"de\"},{\"@type\":\"WebPage\",\"@id\":\"https:\/\/lausitzer-sportevents.de\/marathon\/spreewaldmarathon\/schockierend-absurd-traurig-politik-ohne-durchsetzung\/\",\"url\":\"https:\/\/lausitzer-sportevents.de\/marathon\/spreewaldmarathon\/schockierend-absurd-traurig-politik-ohne-durchsetzung\/\",\"name\":\"Schockierend, absurd, traurig \u2013 Politik ohne Durchsetzung - Lausitzer Sportevents\",\"isPartOf\":{\"@id\":\"https:\/\/lausitzer-sportevents.de\/marathon\/#website\"},\"primaryImageOfPage\":{\"@id\":\"https:\/\/lausitzer-sportevents.de\/marathon\/spreewaldmarathon\/schockierend-absurd-traurig-politik-ohne-durchsetzung\/#primaryimage\"},\"image\":{\"@id\":\"https:\/\/lausitzer-sportevents.de\/marathon\/spreewaldmarathon\/schockierend-absurd-traurig-politik-ohne-durchsetzung\/#primaryimage\"},\"thumbnailUrl\":\"https:\/\/lausitzer-sportevents.de\/marathon\/wp-content\/uploads\/Luebbenau-215-km-2-1024x724.jpg\",\"datePublished\":\"2022-08-17T21:34:22+00:00\",\"dateModified\":\"2022-08-23T06:48:28+00:00\",\"breadcrumb\":{\"@id\":\"https:\/\/lausitzer-sportevents.de\/marathon\/spreewaldmarathon\/schockierend-absurd-traurig-politik-ohne-durchsetzung\/#breadcrumb\"},\"inLanguage\":\"de\",\"potentialAction\":[{\"@type\":\"ReadAction\",\"target\":[\"https:\/\/lausitzer-sportevents.de\/marathon\/spreewaldmarathon\/schockierend-absurd-traurig-politik-ohne-durchsetzung\/\"]}]},{\"@type\":\"ImageObject\",\"inLanguage\":\"de\",\"@id\":\"https:\/\/lausitzer-sportevents.de\/marathon\/spreewaldmarathon\/schockierend-absurd-traurig-politik-ohne-durchsetzung\/#primaryimage\",\"url\":\"https:\/\/lausitzer-sportevents.de\/marathon\/wp-content\/uploads\/Luebbenau-215-km-2-1024x724.jpg\",\"contentUrl\":\"https:\/\/lausitzer-sportevents.de\/marathon\/wp-content\/uploads\/Luebbenau-215-km-2-1024x724.jpg\"},{\"@type\":\"BreadcrumbList\",\"@id\":\"https:\/\/lausitzer-sportevents.de\/marathon\/spreewaldmarathon\/schockierend-absurd-traurig-politik-ohne-durchsetzung\/#breadcrumb\",\"itemListElement\":[{\"@type\":\"ListItem\",\"position\":1,\"name\":\"Startseite\",\"item\":\"https:\/\/lausitzer-sportevents.de\/marathon\/\"},{\"@type\":\"ListItem\",\"position\":2,\"name\":\"Schockierend, absurd, traurig \u2013 Politik ohne Durchsetzung\"}]},{\"@type\":\"WebSite\",\"@id\":\"https:\/\/lausitzer-sportevents.de\/marathon\/#website\",\"url\":\"https:\/\/lausitzer-sportevents.de\/marathon\/\",\"name\":\"Lausitzer Sportevents\",\"description\":\"Das Internetportal f\u00fcr die sportliche Lausitz\",\"publisher\":{\"@id\":\"https:\/\/lausitzer-sportevents.de\/marathon\/#organization\"},\"potentialAction\":[{\"@type\":\"SearchAction\",\"target\":{\"@type\":\"EntryPoint\",\"urlTemplate\":\"https:\/\/lausitzer-sportevents.de\/marathon\/?s={search_term_string}\"},\"query-input\":{\"@type\":\"PropertyValueSpecification\",\"valueRequired\":true,\"valueName\":\"search_term_string\"}}],\"inLanguage\":\"de\"},{\"@type\":\"Organization\",\"@id\":\"https:\/\/lausitzer-sportevents.de\/marathon\/#organization\",\"name\":\"Lausitzer Sportevents\",\"url\":\"https:\/\/lausitzer-sportevents.de\/marathon\/\",\"logo\":{\"@type\":\"ImageObject\",\"inLanguage\":\"de\",\"@id\":\"https:\/\/lausitzer-sportevents.de\/marathon\/#\/schema\/logo\/image\/\",\"url\":\"https:\/\/lausitzer-sportevents.de\/marathon\/wp-content\/uploads\/banner_lse.jpg\",\"contentUrl\":\"https:\/\/lausitzer-sportevents.de\/marathon\/wp-content\/uploads\/banner_lse.jpg\",\"width\":1240,\"height\":350,\"caption\":\"Lausitzer Sportevents\"},\"image\":{\"@id\":\"https:\/\/lausitzer-sportevents.de\/marathon\/#\/schema\/logo\/image\/\"},\"sameAs\":[\"https:\/\/www.facebook.com\/LausitzerSportEvents\",\"https:\/\/www.instagram.com\/lausitzersportevents\/\"]},{\"@type\":\"Person\",\"@id\":\"https:\/\/lausitzer-sportevents.de\/marathon\/#\/schema\/person\/94618d8e6579f27c2b9eade119869106\",\"name\":\"Lausitzer Sportevents\",\"sameAs\":[\"http:\/\/www.lausitzer-sportevents.de\"],\"url\":\"https:\/\/lausitzer-sportevents.de\/marathon\/author\/lse-admin\/\"}]}<\/script>\n<!-- \/ Yoast SEO plugin. -->","yoast_head_json":{"title":"Schockierend, absurd, traurig \u2013 Politik ohne Durchsetzung - Lausitzer Sportevents","robots":{"index":"index","follow":"follow","max-snippet":"max-snippet:-1","max-image-preview":"max-image-preview:large","max-video-preview":"max-video-preview:-1"},"canonical":"https:\/\/lausitzer-sportevents.de\/marathon\/spreewaldmarathon\/schockierend-absurd-traurig-politik-ohne-durchsetzung\/","og_locale":"de_DE","og_type":"article","og_title":"Schockierend, absurd, traurig \u2013 Politik ohne Durchsetzung - Lausitzer Sportevents","og_description":"Wie soll man das Werten, was da gerade im Spreewald passiert? Zur Sache: Es wird wohl so sein,das Herzst\u00fcck des Spreewaldmarathons, die sch\u00f6nste touristische Strecke im Spreewald \u00fcberhaupt, die Strecke mit der gr\u00f6\u00dften Fernwirkung, die Strecke die wir 20 Jahre lang schon gelaufen sind, der Biosph\u00e4renreservatslauf,\u00a0diese d\u00fcrfen wir nicht mehr laufen, nicht mehr walken und","og_url":"https:\/\/lausitzer-sportevents.de\/marathon\/spreewaldmarathon\/schockierend-absurd-traurig-politik-ohne-durchsetzung\/","og_site_name":"Lausitzer Sportevents","article_publisher":"https:\/\/www.facebook.com\/LausitzerSportEvents","article_published_time":"2022-08-17T21:34:22+00:00","article_modified_time":"2022-08-23T06:48:28+00:00","og_image":[{"url":"https:\/\/lausitzer-sportevents.de\/marathon\/wp-content\/uploads\/Luebbenau-215-km-2-1024x724.jpg","type":"","width":"","height":""}],"author":"Lausitzer Sportevents","twitter_card":"summary_large_image","twitter_misc":{"Verfasst von":"Lausitzer Sportevents","Gesch\u00e4tzte Lesezeit":"3\u00a0Minuten"},"schema":{"@context":"https:\/\/schema.org","@graph":[{"@type":"Article","@id":"https:\/\/lausitzer-sportevents.de\/marathon\/spreewaldmarathon\/schockierend-absurd-traurig-politik-ohne-durchsetzung\/#article","isPartOf":{"@id":"https:\/\/lausitzer-sportevents.de\/marathon\/spreewaldmarathon\/schockierend-absurd-traurig-politik-ohne-durchsetzung\/"},"author":{"name":"Lausitzer Sportevents","@id":"https:\/\/lausitzer-sportevents.de\/marathon\/#\/schema\/person\/94618d8e6579f27c2b9eade119869106"},"headline":"Schockierend, absurd, traurig \u2013 Politik ohne Durchsetzung","datePublished":"2022-08-17T21:34:22+00:00","dateModified":"2022-08-23T06:48:28+00:00","mainEntityOfPage":{"@id":"https:\/\/lausitzer-sportevents.de\/marathon\/spreewaldmarathon\/schockierend-absurd-traurig-politik-ohne-durchsetzung\/"},"wordCount":525,"publisher":{"@id":"https:\/\/lausitzer-sportevents.de\/marathon\/#organization"},"image":{"@id":"https:\/\/lausitzer-sportevents.de\/marathon\/spreewaldmarathon\/schockierend-absurd-traurig-politik-ohne-durchsetzung\/#primaryimage"},"thumbnailUrl":"https:\/\/lausitzer-sportevents.de\/marathon\/wp-content\/uploads\/Luebbenau-215-km-2-1024x724.jpg","articleSection":["Aktuelles","Spreewaldmarathon"],"inLanguage":"de"},{"@type":"WebPage","@id":"https:\/\/lausitzer-sportevents.de\/marathon\/spreewaldmarathon\/schockierend-absurd-traurig-politik-ohne-durchsetzung\/","url":"https:\/\/lausitzer-sportevents.de\/marathon\/spreewaldmarathon\/schockierend-absurd-traurig-politik-ohne-durchsetzung\/","name":"Schockierend, absurd, traurig \u2013 Politik ohne Durchsetzung - Lausitzer Sportevents","isPartOf":{"@id":"https:\/\/lausitzer-sportevents.de\/marathon\/#website"},"primaryImageOfPage":{"@id":"https:\/\/lausitzer-sportevents.de\/marathon\/spreewaldmarathon\/schockierend-absurd-traurig-politik-ohne-durchsetzung\/#primaryimage"},"image":{"@id":"https:\/\/lausitzer-sportevents.de\/marathon\/spreewaldmarathon\/schockierend-absurd-traurig-politik-ohne-durchsetzung\/#primaryimage"},"thumbnailUrl":"https:\/\/lausitzer-sportevents.de\/marathon\/wp-content\/uploads\/Luebbenau-215-km-2-1024x724.jpg","datePublished":"2022-08-17T21:34:22+00:00","dateModified":"2022-08-23T06:48:28+00:00","breadcrumb":{"@id":"https:\/\/lausitzer-sportevents.de\/marathon\/spreewaldmarathon\/schockierend-absurd-traurig-politik-ohne-durchsetzung\/#breadcrumb"},"inLanguage":"de","potentialAction":[{"@type":"ReadAction","target":["https:\/\/lausitzer-sportevents.de\/marathon\/spreewaldmarathon\/schockierend-absurd-traurig-politik-ohne-durchsetzung\/"]}]},{"@type":"ImageObject","inLanguage":"de","@id":"https:\/\/lausitzer-sportevents.de\/marathon\/spreewaldmarathon\/schockierend-absurd-traurig-politik-ohne-durchsetzung\/#primaryimage","url":"https:\/\/lausitzer-sportevents.de\/marathon\/wp-content\/uploads\/Luebbenau-215-km-2-1024x724.jpg","contentUrl":"https:\/\/lausitzer-sportevents.de\/marathon\/wp-content\/uploads\/Luebbenau-215-km-2-1024x724.jpg"},{"@type":"BreadcrumbList","@id":"https:\/\/lausitzer-sportevents.de\/marathon\/spreewaldmarathon\/schockierend-absurd-traurig-politik-ohne-durchsetzung\/#breadcrumb","itemListElement":[{"@type":"ListItem","position":1,"name":"Startseite","item":"https:\/\/lausitzer-sportevents.de\/marathon\/"},{"@type":"ListItem","position":2,"name":"Schockierend, absurd, traurig \u2013 Politik ohne Durchsetzung"}]},{"@type":"WebSite","@id":"https:\/\/lausitzer-sportevents.de\/marathon\/#website","url":"https:\/\/lausitzer-sportevents.de\/marathon\/","name":"Lausitzer Sportevents","description":"Das Internetportal f\u00fcr die sportliche Lausitz","publisher":{"@id":"https:\/\/lausitzer-sportevents.de\/marathon\/#organization"},"potentialAction":[{"@type":"SearchAction","target":{"@type":"EntryPoint","urlTemplate":"https:\/\/lausitzer-sportevents.de\/marathon\/?s={search_term_string}"},"query-input":{"@type":"PropertyValueSpecification","valueRequired":true,"valueName":"search_term_string"}}],"inLanguage":"de"},{"@type":"Organization","@id":"https:\/\/lausitzer-sportevents.de\/marathon\/#organization","name":"Lausitzer Sportevents","url":"https:\/\/lausitzer-sportevents.de\/marathon\/","logo":{"@type":"ImageObject","inLanguage":"de","@id":"https:\/\/lausitzer-sportevents.de\/marathon\/#\/schema\/logo\/image\/","url":"https:\/\/lausitzer-sportevents.de\/marathon\/wp-content\/uploads\/banner_lse.jpg","contentUrl":"https:\/\/lausitzer-sportevents.de\/marathon\/wp-content\/uploads\/banner_lse.jpg","width":1240,"height":350,"caption":"Lausitzer Sportevents"},"image":{"@id":"https:\/\/lausitzer-sportevents.de\/marathon\/#\/schema\/logo\/image\/"},"sameAs":["https:\/\/www.facebook.com\/LausitzerSportEvents","https:\/\/www.instagram.com\/lausitzersportevents\/"]},{"@type":"Person","@id":"https:\/\/lausitzer-sportevents.de\/marathon\/#\/schema\/person\/94618d8e6579f27c2b9eade119869106","name":"Lausitzer Sportevents","sameAs":["http:\/\/www.lausitzer-sportevents.de"],"url":"https:\/\/lausitzer-sportevents.de\/marathon\/author\/lse-admin\/"}]}},"_links":{"self":[{"href":"https:\/\/lausitzer-sportevents.de\/marathon\/wp-json\/wp\/v2\/posts\/8794","targetHints":{"allow":["GET"]}}],"collection":[{"href":"https:\/\/lausitzer-sportevents.de\/marathon\/wp-json\/wp\/v2\/posts"}],"about":[{"href":"https:\/\/lausitzer-sportevents.de\/marathon\/wp-json\/wp\/v2\/types\/post"}],"author":[{"embeddable":true,"href":"https:\/\/lausitzer-sportevents.de\/marathon\/wp-json\/wp\/v2\/users\/3"}],"replies":[{"embeddable":true,"href":"https:\/\/lausitzer-sportevents.de\/marathon\/wp-json\/wp\/v2\/comments?post=8794"}],"version-history":[{"count":4,"href":"https:\/\/lausitzer-sportevents.de\/marathon\/wp-json\/wp\/v2\/posts\/8794\/revisions"}],"predecessor-version":[{"id":8808,"href":"https:\/\/lausitzer-sportevents.de\/marathon\/wp-json\/wp\/v2\/posts\/8794\/revisions\/8808"}],"wp:attachment":[{"href":"https:\/\/lausitzer-sportevents.de\/marathon\/wp-json\/wp\/v2\/media?parent=8794"}],"wp:term":[{"taxonomy":"category","embeddable":true,"href":"https:\/\/lausitzer-sportevents.de\/marathon\/wp-json\/wp\/v2\/categories?post=8794"},{"taxonomy":"post_tag","embeddable":true,"href":"https:\/\/lausitzer-sportevents.de\/marathon\/wp-json\/wp\/v2\/tags?post=8794"}],"curies":[{"name":"wp","href":"https:\/\/api.w.org\/{rel}","templated":true}]}}