{"id":5340,"date":"2020-06-15T18:17:58","date_gmt":"2020-06-15T17:17:58","guid":{"rendered":"https:\/\/www.lausitzer-sportevents.de\/marathon\/?p=5340"},"modified":"2020-07-10T16:55:25","modified_gmt":"2020-07-10T15:55:25","slug":"lausitzer-seenland-100-wird-starten","status":"publish","type":"post","link":"https:\/\/lausitzer-sportevents.de\/marathon\/lausitzer-seenland-100\/lausitzer-seenland-100-wird-starten\/","title":{"rendered":"Lausitzer Seenland 100 wird starten!"},"content":{"rendered":"\n<div class=\"wp-block-image\"><figure class=\"aligncenter size-large\"><img loading=\"lazy\" decoding=\"async\" width=\"1024\" height=\"576\" src=\"https:\/\/www.lausitzer-sportevents.de\/marathon\/wp-content\/uploads\/Banner-Lausitzer-Seenland-100-2020-1080x608px-1024x576.jpg\" alt=\"\" class=\"wp-image-5446\" srcset=\"https:\/\/lausitzer-sportevents.de\/marathon\/wp-content\/uploads\/Banner-Lausitzer-Seenland-100-2020-1080x608px-1024x576.jpg 1024w, https:\/\/lausitzer-sportevents.de\/marathon\/wp-content\/uploads\/Banner-Lausitzer-Seenland-100-2020-1080x608px-300x169.jpg 300w, https:\/\/lausitzer-sportevents.de\/marathon\/wp-content\/uploads\/Banner-Lausitzer-Seenland-100-2020-1080x608px-768x432.jpg 768w, https:\/\/lausitzer-sportevents.de\/marathon\/wp-content\/uploads\/Banner-Lausitzer-Seenland-100-2020-1080x608px-624x351.jpg 624w, https:\/\/lausitzer-sportevents.de\/marathon\/wp-content\/uploads\/Banner-Lausitzer-Seenland-100-2020-1080x608px.jpg 1080w\" sizes=\"auto, (max-width: 1024px) 100vw, 1024px\" \/><\/figure><\/div>\n\n\n\n<p><\/p>\n\n\n\n<p class=\"has-background has-text-align-center has-pale-pink-background-color\">Eure <strong>Startzeiten zum 12.07.2020<\/strong> k\u00f6nnt Ihr hier einsehen: <strong><a href=\"https:\/\/portal.lausitz-timing.de\/Veranstaltung\/15-lausitzer-seenland-100\">https:\/\/portal.lausitz-timing.de\/<\/a><\/strong><\/p>\n\n\n\n<p class=\"has-background has-text-align-center has-pale-pink-background-color\"><strong>Bitte beachtet den vom Amt vorgegebenen Meldeschluss: Sonntag, 05.07.2020!<\/strong><\/p>\n\n\n\n<p class=\"has-background has-very-light-gray-background-color\">Liebe Sportfreunde,<br>leider hat der Coronavirus unser sportliches Jahresangebot f\u00fcr Euch geh\u00f6rig durcheinander gebracht.<br> <br>Wir sind froh nach vielen Anfragen bei den \u00c4mtern, die M\u00f6glichkeit zu haben, unter Auflagen das 15. Lausitzer Seenland 100 starten zu d\u00fcrfen. Eine positive Zustimmung vom Gesundheitsamt des Landkreises haben wir heute (02.07.2020) erhalten. Eine amtliche Genhmigung f\u00fcr die Strecken liegt uns nun auch vor (08.07.2020). <\/p>\n\n\n\n<p class=\"has-background has-very-light-gray-background-color\">Zwar wird die Veranstaltung dann nur an einem Tag, am&nbsp;<strong>Sonntag, den 12. Juli 2020<\/strong>&nbsp;stattfinden und&nbsp;<strong>dies mit dem verordneten Abstandsgebot<\/strong>, aber wir k\u00f6nnen wieder fast &#8222;gemeinsam&#8220; Sport treiben. <\/p>\n\n\n\n<p class=\"has-background has-text-align-center has-luminous-vivid-amber-background-color\"><strong>Unsere gro\u00dfe Bitte an Euch:<br>Zeigt, dass Ihr Abstand halten &#8222;k\u00f6nnt&#8220;!!!<\/strong><br>Bringt bitte Euren <strong>Mund-Nasen-Schutz<\/strong> mit und dieser ist bei Abholung der Startunterlagen sowie an Stellen, wo kein Abstand gehalten werden kann, <strong>zu tragen<\/strong>. Es ist an Euch, dies f\u00fcr das Seenland 100 und erst recht f\u00fcr die Zulassung weiterer, sp\u00e4terer Veranstaltungen im Landkreis dies zu beweisen.<\/p>\n\n\n\n<figure class=\"wp-block-image size-large\"><a href=\"https:\/\/www.lausitzer-sportevents.de\/marathon\/wp-content\/uploads\/Hafen-Gro\u00dfr\u00e4schen-Lageplan-1700px.jpg\" target=\"_blank\" rel=\"noopener noreferrer\"><img loading=\"lazy\" decoding=\"async\" width=\"842\" height=\"631\" src=\"https:\/\/www.lausitzer-sportevents.de\/marathon\/wp-content\/uploads\/Hafen-Gro\u00dfr\u00e4schen-Lageplan.jpg\" alt=\"\" class=\"wp-image-5515\" srcset=\"https:\/\/lausitzer-sportevents.de\/marathon\/wp-content\/uploads\/Hafen-Gro\u00dfr\u00e4schen-Lageplan.jpg 842w, https:\/\/lausitzer-sportevents.de\/marathon\/wp-content\/uploads\/Hafen-Gro\u00dfr\u00e4schen-Lageplan-300x225.jpg 300w, https:\/\/lausitzer-sportevents.de\/marathon\/wp-content\/uploads\/Hafen-Gro\u00dfr\u00e4schen-Lageplan-768x576.jpg 768w, https:\/\/lausitzer-sportevents.de\/marathon\/wp-content\/uploads\/Hafen-Gro\u00dfr\u00e4schen-Lageplan-160x120.jpg 160w, https:\/\/lausitzer-sportevents.de\/marathon\/wp-content\/uploads\/Hafen-Gro\u00dfr\u00e4schen-Lageplan-624x468.jpg 624w\" sizes=\"auto, (max-width: 842px) 100vw, 842px\" \/><\/a><\/figure>\n\n\n\n<p class=\"has-background has-very-light-gray-background-color\"><strong>Die Radtouren k\u00f6nnen in diesem Jahr nicht wie gewohnt durchgef\u00fchrt werden.<\/strong><br>Unsere ber\u00fchmten \u00fcppigen Verpflegungsbuffets d\u00fcrfen wir in diesem Jahr nicht anbieten. So macht das Verpacken jeder Salzbrezel oder Banane in Plastikfolie f\u00fcr uns keinen Sinn und bereitet uns dazu noch einen erheblichen Mehraufwand. Hunderte Verpflegungsbeutel f\u00fcr die Radsportler packen, dies w\u00e4re noch eine M\u00f6glichkeit. Aber welcher Radler m\u00f6chte zus\u00e4tzliches Gep\u00e4ck auf seinem Rad mitschleppen?<br><br><strong>Das wichtigste aber ist, Ihr d\u00fcrft teilnehmen und radeln.<\/strong> Sucht euch am 11. und\/ oder 12. Juli eine&nbsp;<strong>Rad- oder Wanderstrecke<\/strong> individuell aus. Nach Eurer Tour k\u00f6nnt Ihr Eure Medaille in der Sporthalle abholen. Achtung, da Ihr Euch Eure Strecken individuell aussucht, sind diese nicht ausgeschildert. Man darf aber gern unsere vorgeschlagenen Strecke f\u00fcr die Touren nutzen.<\/p>\n\n\n\n<p class=\"has-background has-pale-pink-background-color\"><strong><span class=\"has-inline-color has-vivid-cyan-blue-color\">Aktuelles Programm<\/span><\/strong><br>Das Programm haben wir entsprechend der gestatteten M\u00f6glicheiten f\u00fcr diesen Tag angepasst. <br>Schaut in unsere&nbsp;<a rel=\"noreferrer noopener\" href=\"https:\/\/www.lausitzer-sportevents.de\/anmeldung\/anm.php?N=2020071\" target=\"_blank\"><strong><span class=\"has-inline-color has-vivid-cyan-blue-color\">Onlineanmeldung<\/span><\/strong><\/a>, welche Wettbewerbe uns in der Durchf\u00fchrung m\u00f6glich sind.<br><br><strong><span class=\"has-inline-color has-vivid-cyan-blue-color\">Wir freuen uns riesig auf Euch!!!<\/span><\/strong><\/p>\n\n\n\n<p style=\"color:#ffffff\" class=\"has-text-color has-background has-vivid-cyan-blue-background-color\"><strong>ADI von &#8222;Mach mit, mach&#8217;s nach, mach&#8217;s besser&#8220; freut sich schon sehr Euch wieder am Start begr\u00fc\u00dfen zu d\u00fcrfen!<\/strong><br>(Aber bitte Abstand halten, ADI wird im September 83 Jahre jung.)<\/p>\n\n\n\n<p class=\"has-background has-very-light-gray-background-color\"><strong>Startpl\u00e4tze<\/strong><br>Alle vorangemeldeten Sportler sind per E-Mail angeschrieben und \u00fcber das ver\u00e4nderte Programm informiert worden. <br><strong>Bis zum Montag, den 06.07.2020 &#8211; 08.00 Uhr <\/strong>muss sich der Sportler entscheiden, auf welcher Strecke er dann endg\u00fcltig an den Start gehen m\u00f6chte. E-Mail an: <a rel=\"noreferrer noopener\" href=\"mailto:organisation@seenland100.de\" target=\"_blank\"><strong><span class=\"has-inline-color has-vivid-cyan-blue-color\">organisation@seenland100.de<\/span><\/strong><\/a>.<br>Sp\u00e4tere W\u00fcnsche k\u00f6nnen auf Grund der Kontaktbeschr\u00e4nkungen vor Ort nicht ber\u00fccksichtigt werden.<br><br><strong>Solltet Ihr 2020 nicht im Seenland starten k\u00f6nnen, dann gibt es folgende M\u00f6glichkeiten:<\/strong><br>1.   \u00dcbertragung des Startplatzes zur Sparkassen PanoramaTOUR in der S\u00e4chsischen Schweiz, <br>f\u00fcr die Strecken am 07.08., 08.08. und 09. August 2020.<br>2.   \u00dcbertragung des Startplatzes auf das Jahr 2021<br>3.   \u00dcbertragung des Startplatzes auf einen zu einem sp\u00e4teren Zeitpunkt (2020\/2021) <br>stattfindenden Weinlauf, ggf. auch in einem anderen Ort.<\/p>\n\n\n\n<p class=\"has-text-color has-vivid-cyan-blue-color\"><strong><span style=\"color:#ffffff\" class=\"has-inline-color\">Wir freuen uns riesig auf Euch!!!<\/span><\/strong><\/p>\n\n\n\n<figure class=\"wp-block-image size-large\"><img loading=\"lazy\" decoding=\"async\" width=\"1024\" height=\"254\" src=\"https:\/\/www.lausitzer-sportevents.de\/marathon\/wp-content\/uploads\/Siegerpodest_gross_1-3_Platz-1024x254.png\" alt=\"\" class=\"wp-image-5342\" srcset=\"https:\/\/lausitzer-sportevents.de\/marathon\/wp-content\/uploads\/Siegerpodest_gross_1-3_Platz-1024x254.png 1024w, https:\/\/lausitzer-sportevents.de\/marathon\/wp-content\/uploads\/Siegerpodest_gross_1-3_Platz-300x75.png 300w, https:\/\/lausitzer-sportevents.de\/marathon\/wp-content\/uploads\/Siegerpodest_gross_1-3_Platz-768x191.png 768w, https:\/\/lausitzer-sportevents.de\/marathon\/wp-content\/uploads\/Siegerpodest_gross_1-3_Platz-624x155.png 624w, https:\/\/lausitzer-sportevents.de\/marathon\/wp-content\/uploads\/Siegerpodest_gross_1-3_Platz.png 1200w\" sizes=\"auto, (max-width: 1024px) 100vw, 1024px\" \/><\/figure>\n\n\n\n<p class=\"has-background has-pale-cyan-blue-background-color\"><strong>Pokale Lausitz-Laufserie und Rad-Zeitfahrcup 2019<\/strong><br>Die Pokale und Urkunden f\u00fcr das Jahr 2019 zur <strong>Lausitz-Laufserie<\/strong> und dem <strong>Rad-Zeitfahrcup<\/strong> <br>k\u00f6nnen am 11. und 12. Juli in der Sporthalle am See in Gro\u00dfr\u00e4schen in Empfang genommen werden.<\/p>\n\n\n\n<p class=\"has-text-color has-vivid-cyan-blue-color\"><strong><span style=\"color:#ffffff\" class=\"has-inline-color\">Wir freuen uns riesig auf Euch!!!<\/span><\/strong><\/p>\n\n\n\n<p class=\"has-background has-light-green-cyan-background-color\"><strong>Schneegl\u00f6ckchen-Medaillen<\/strong><br>Vorangemeldet Sportler des Schneegl\u00f6ckchen-Laufes 2020, welche auch Ihre Startgeb\u00fchren bezahlt haben, k\u00f6nnen Ihre Streckenmedaille gleichfalls in Gro\u00dfr\u00e4schen abholen.<br>Wichtig aber ist, dass eine Abholung vorab per E-Mail bis Freitag (10.07.2020) an <a rel=\"noreferrer noopener\" href=\"mailto:kontakt@schneeglocke.de\" target=\"_blank\"><span class=\"has-inline-color has-vivid-cyan-blue-color\"><strong>kontakt@schneeglocke.de<\/strong><\/span><\/a> angek\u00fcndigt wird, damit wir die Glocken personifiziert bereit stellen k\u00f6nnen.<br><br>Samstag, 11.07.  12.00 &#8211; 17.00 Uhr<br>Sonntag, 12.07.  06.00 &#8211; 18.00 Uhr<\/p>\n\n\n\n<p class=\"has-text-color has-vivid-cyan-blue-color\"><strong><span style=\"color:#ffffff\" class=\"has-inline-color\">Wir freuen uns riesig auf Euch!!!<\/span><\/strong><\/p>\n\n\n\n<p class=\"has-background has-pale-cyan-blue-background-color\"><strong>\u00d6ffnung des Meldeb\u00fcros<\/strong><br>Abholung der Startnummer, Shirts, Serienpokale, Serienurkunden, Schneegl\u00f6ckchen-Medaillen, &#8230;  <br>Samstag, 11.07.  12.00 &#8211; 17.00 Uhr<br>Sonntag, 12.07.  06.00 &#8211; 18.00 Uhr<\/p>\n\n\n\n<p class=\"has-background has-pale-pink-background-color\"><strong>Der Zutritt zur Sporthalle erfolgt im Einbahnstra\u00dfensystem und ist auf 3 Sportler begrenzt.<\/strong><\/p>\n\n\n\n<p class=\"has-text-color has-vivid-cyan-blue-color\"><strong><span style=\"color:#ffffff\" class=\"has-inline-color\">Wir freuen uns riesig auf Euch!!!<\/span><\/strong><\/p>\n\n\n\n<p class=\"has-background has-very-light-gray-background-color\"><strong>Zeitplan<br><\/strong>07.00 Uhr 21,1 km&nbsp;<strong>Start&nbsp;<\/strong>Run &amp; Bike Einzelzeit (Teilnehmerlimit 100)<br>ca. 08.00 Uhr 21,1 km&nbsp;<strong>Start&nbsp;<\/strong>Halbmarathon-Einzelzeit-Lauf (Limit 100)<br>ca. 09.00 Uhr 10 km&nbsp;<strong>Start&nbsp;<\/strong>Run &amp; Bike Einzelzeit (Teilnehmerlimit 100)<br>ca. 10.00 Uhr&nbsp;10 km&nbsp;<strong>Start&nbsp;<\/strong>Einzelzeit-Lauf (Teilnehmerlimit 100)<br>ca. 11.00 Uhr 10 km&nbsp;<strong>Start&nbsp;<\/strong>Walken\/Nordic Walking (Teilnehmerlimit 70)<br>ca. 12.00 Uhr&nbsp; &nbsp;5 km&nbsp;<strong>Start&nbsp;<\/strong>Einzelzeit-Lauf (Teilnehmerlimit 100)<br>ca. 13.00 Uhr&nbsp; &nbsp;5 km&nbsp;<strong>Start&nbsp;<\/strong>Walken\/Nordic Walking (Teilnehmerlimit 50)<br>ca. 14.00 Uhr 10 km&nbsp;<strong>Start&nbsp;<\/strong>Skaten-Einzelzeitfahren (Teilnehmerlimit 100)<br>ca. 14.00 Uhr 21 km&nbsp;<strong>Start&nbsp;<\/strong>Skaten-Einzelzeitfahren (Teilnehmerlimit 100)<br>ca. 15.00 Uhr&nbsp;21&nbsp;km&nbsp;<strong>Start&nbsp;<\/strong>Rad-Einzelzeitfahren (Teilnehmerlimit 100)<\/p>\n\n\n\n<p class=\"has-background has-very-light-gray-background-color\">Durch diesen Zeitplan ist ein Teil der Sportler schon wieder auf der Heimreise und <br>kommen nicht in Kontakt mit den Sportlern welche sp\u00e4ter starten.<\/p>\n\n\n\n<p class=\"has-background has-pale-pink-background-color\"><strong>Sehr wichtiger Hygiene-Hinweis von unserem Gesundheitsamt!<\/strong><br><em>Vor Ort bitte des \u00f6fteren H\u00e4nde waschen unter flie\u00dfendem Wasser.  <\/em><br>Das H\u00e4ndewaschen ist sinnvoller als st\u00e4ndiges Desinfizieren, da dadurch Resistenzen bei allen Erregern durch unsachgem\u00e4\u00dfen Gebrauch entstehen.<br>Es reduziert bei ausreichender Dauer (20 -40 sec.) die Keimzahl auf der Haut erheblich.<\/p>\n\n\n\n<p class=\"has-background has-pale-cyan-blue-background-color\"><strong>Organisatorisches<\/strong><\/p>\n\n\n\n<ul class=\"wp-block-list\"><li>L\u00e4ufer, Walker, Radsportler und Skater starten grunds\u00e4tzlich&nbsp;<strong>Einzeln, als Duo (Run &amp; Bike) oder in Familie, <\/strong><span style=\"color:#ff0000\" class=\"has-inline-color\"><strong>nicht&nbsp;als Massenstart<\/strong><\/span>.<\/li><\/ul>\n\n\n\n<ul class=\"wp-block-list\"><li><strong>Start- und Ziel f\u00fcr alle Sportler befindet sich erstmalig im Hafen von Gro\u00dfr\u00e4schen<\/strong>, nicht mehr in der Seestra\u00dfe. Somit k\u00f6nnen wir die Tagesbesucher der IBA-Terrassen noch besser von unseren Sportlern fernhalten. Im Hafen sind Start- und Ziel ebenfalls r\u00e4umlich getrennt. Damit k\u00f6nnen wir die Kontakt in Richtung Null minimieren.<\/li><\/ul>\n\n\n\n<ul class=\"wp-block-list\"><li>Durch die einzelnen individuellen Startzeiten und die Angabe der pers\u00f6nlichen Daten (Geschlecht, Name, Vorname, PLZ, Wohnort, Stra\u00dfe, Nummer, Geburtsdatum) bei der Anmeldung, k\u00f6nnen m\u00f6gliche Infektionsketten und Kontakte jederzeit nachvollzogen werden.<\/li><li><span class=\"has-inline-color has-vivid-cyan-blue-color\">Doppel- und Dreifachstarts sind zul\u00e4ssig!<\/span><\/li><li>In allen Wettbewerben gibt es die Nettozeitwertung.<\/li><li>Keine Zuschauer!<\/li><li>keine Dusch- und Umkleidem\u00f6glichkeiten<br><span class=\"has-inline-color has-vivid-cyan-blue-color\">Das Freibad in Gro\u00dfr\u00e4schen ist ge\u00f6ffnet, dies ist vielleicht eine Alternative.<\/span><\/li><li>keine Gep\u00e4ckaufbewahrung <\/li><\/ul>\n\n\n\n<p class=\"has-background has-pale-cyan-blue-background-color\"><strong>Teilnehmer- und Helferverhalten<\/strong><\/p>\n\n\n\n<ul class=\"wp-block-list\"><li>Grunds\u00e4tzlich gelten die Abstandsregeln (1,5 m, besser 2m)<\/li><li>R\u00fccksichtnahme \u00fcberall ist selbstverst\u00e4ndlich <\/li><li>K\u00f6rperkontakt wird in allen Bereichen vermieden<\/li><li>Von der Anreise, seinem Start, bis zur Abreise sollte jeder Sportler nur m\u00f6glichst kurz auf dem Veranstaltungsgel\u00e4nde verweilen. Dadurch kommen Sportler, welche erst mittags oder nachmittags starten, nicht in den Kontakt mit den Fr\u00fchstartern.<\/li><\/ul>\n\n\n\n<p class=\"has-background has-pale-cyan-blue-background-color\"><strong>Registration \/ Anmeldung<\/strong><\/p>\n\n\n\n<ul class=\"wp-block-list\"><li><strong>Keine Nachmeldungen vor Ort<\/strong><\/li><li><span style=\"color:#ff0000\" class=\"has-inline-color\"><strong>Nur Onlinevoranmeldungen bis Sonntag, den 05.07. &#8211; 24.00 Uhr<\/strong><\/span><\/li><li>Alle Strecken sind Teilnahme begrenzt.<\/li><li><strong>Eine Maske ist beim Betreten der Sporthalle und an der Registrierung zu tragen.<\/strong> Sch\u00fctzt bitte Euch, die Helfer und die anderen Sportler vor Covid-Infektionen.<\/li><li>Die Verweilzeit des Teilnehmers in der Registration \/ Anmeldung ist zu minimieren (z\u00fcgiges Passieren).<\/li><li>Sonderw\u00fcnsche bei den Startzeiten sind bis 10.07. &#8211; 08.00 Uhr bekannt zu geben.<\/li><\/ul>\n\n\n\n<p class=\"has-background has-pale-cyan-blue-background-color\"><strong>Start \/ Ziel<\/strong><\/p>\n\n\n\n<ul class=\"wp-block-list\"><li>Durch den Einsatz von vollautomatischer Zeitmesstechnik, gibt es keine direkten Personenkontakte im Start\/Ziel-Bereich.<\/li><li>Zeitversetzter Start &#8211; Einzeln, Zweiergruppen (Run &amp; Bike), Familien &#8211; in Nettozeit, im Abstand von 10 bis 60 Sekunden<\/li><li><span style=\"color:#ff0000\" class=\"has-inline-color\"><strong>Das f\u00fcr die Zeitnahme notwendige Magnetfeld wird ab 06.45 Uhr erzeugt. Danach werden alle sich im Umfeld von 3 m von den Start-\/Zielmatten aufhaltenden Transponder automatisch gemessen (Das Magnetfeld strahlt soweit ab). Wir bitten alle Sportler diesen Bereich gro\u00dfr\u00e4umig zu meiden. Bitte sich erst kurz vor Ihrer angegebenen Startzeit beim Starter einfinden, damit keine vorzeitigen <\/strong><\/span><span style=\"color:#ff0000\" class=\"has-inline-color\"><strong>Ausl\u00f6sungen der Zeitmessung verursacht werden. <\/strong><\/span><\/li><li>Die Startaufstellung je Sportler erfolgt mit 2 m Abstand.<\/li><li>Die Startreihenfolge erfolgt je Strecke nach Alphabet, so k\u00f6nnen Familien gemeinsam starten.<\/li><li>Die individuellen Startzeiten sind ab Freitag, den 10.07. sp\u00e4testens 20.00 Uhr im Netz ersichtlich.&nbsp;&nbsp;<\/li><\/ul>\n\n\n\n<p class=\"has-background has-pale-cyan-blue-background-color\"><strong>Strecke<\/strong><\/p>\n\n\n\n<ul class=\"wp-block-list\"><li>keine Verpflegungspunkte auf den Strecken<\/li><li>Eine Fahrradbegleitung der Sportler (Versorgung mit Getr\u00e4nken, &#8230; ) ist gestattet.<\/li><li>Wir empfehlen, wenn der Sportler dies f\u00fcr seine Strecke ben\u00f6tigt, eigene Verpflegung und sein pers\u00f6nliches Getr\u00e4nk mitzunehmen.<\/li><li>Bei allen Streckenposten sind f\u00fcr die Sportler 0,5 Liter Wasserflaschen, auf dem Ende der Strecke auch 0,5 Liter Colaflaschen  erh\u00e4ltlich. Bitte nachfragen!  <\/li><li>Die Flaschen <strong>nicht wegwerfen<\/strong>, diese sind beim n\u00e4chsten Streckenposten abzugeben.<\/li><li>Windschattenlaufen\/-fahren ist strikt verboten; keine \u201eRudelbildung\u201c auf der Strecke<\/li><li>Beim \u00dcberholen ist fr\u00fchzeitig auszuscheren<\/li><li>\u00dcberholen nur mit seitlichen Mindestabstand von 1,5 m<\/li><li>Radzeitfahren mit Mindestabstand von 30 Metern<\/li><\/ul>\n\n\n\n<p class=\"has-background has-pale-cyan-blue-background-color\"><strong>Ehrungen \/Ergebnisse<\/strong><\/p>\n\n\n\n<ul class=\"wp-block-list\"><li>Medaillen\u00fcbergabe \u00fcber gesondertem Tisch, bei eigener Wegnahme.<\/li><li>Bei Doppel- und Dreifachstarts gibt es je Start eine andere Medaille (Band).<\/li><li>keine Siegerehrungen vor Ort<\/li><li>Die Siegerpokale, Platz 1 bis 3 M\/W je Strecke, werden per Post zugesendet <\/li><li>Kein Urkundendruck vor Ort, Ausdruck \u00fcber das Internet. <\/li><li>2 Originalurkunden der Veranstaltung werden den Startunterlagen zum Selbstausdrucken beigelegt.<\/li><li>Jeder Zieleinlauf und die Ergebnisse\/ Zeiten werden live im Internet \u00fcbertragen. Bitte beachtet, dass immer erst nach Einlauf des letzten gestarteten Sportlers der jeweiligen Strecke die Ergebnisse endg\u00fcltig sind.<\/li><\/ul>\n","protected":false},"excerpt":{"rendered":"<\/p>\n<p class=\"has-background has-text-align-center has-pale-pink-background-color\">Eure <strong>Startzeiten zum 12.07.2020<\/strong> k\u00f6nnt Ihr hier einsehen: <strong><a href=\"https:\/\/portal.lausitz-timing.de\/Veranstaltung\/15-lausitzer-seenland-100\">https:\/\/portal.lausitz-timing.de\/<\/a><\/strong><\/p>\n<p class=\"has-background has-text-align-center has-pale-pink-background-color\"><strong>Bitte beachtet den vom Amt vorgegebenen Meldeschluss: Sonntag, 05.07.2020!<\/strong><\/p>\n<p class=\"has-background has-very-light-gray-background-color\">Liebe Sportfreunde,<br \/>leider hat der Coronavirus unser sportliches Jahresangebot f\u00fcr Euch geh\u00f6rig durcheinander gebracht.<\/p>\n<p>Wir sind froh nach vielen Anfragen bei den \u00c4mtern, die M\u00f6glichkeit zu haben, unter<\/p>\n","protected":false},"author":3,"featured_media":5446,"comment_status":"closed","ping_status":"closed","sticky":false,"template":"","format":"standard","meta":{"footnotes":""},"categories":[36],"tags":[],"class_list":["post-5340","post","type-post","status-publish","format-standard","has-post-thumbnail","hentry","category-lausitzer-seenland-100"],"yoast_head":"<!-- This site is optimized with the Yoast SEO plugin v26.9 - https:\/\/yoast.com\/product\/yoast-seo-wordpress\/ -->\n<title>Lausitzer Seenland 100 wird starten! - Lausitzer Sportevents<\/title>\n<meta name=\"robots\" content=\"index, follow, max-snippet:-1, max-image-preview:large, max-video-preview:-1\" \/>\n<link rel=\"canonical\" href=\"https:\/\/lausitzer-sportevents.de\/marathon\/lausitzer-seenland-100\/lausitzer-seenland-100-wird-starten\/\" \/>\n<meta property=\"og:locale\" content=\"de_DE\" \/>\n<meta property=\"og:type\" content=\"article\" \/>\n<meta property=\"og:title\" content=\"Lausitzer Seenland 100 wird starten! - Lausitzer Sportevents\" \/>\n<meta property=\"og:description\" content=\"Eure Startzeiten zum 12.07.2020 k\u00f6nnt Ihr hier einsehen: https:\/\/portal.lausitz-timing.de\/ Bitte beachtet den vom Amt vorgegebenen Meldeschluss: Sonntag, 05.07.2020! Liebe Sportfreunde,leider hat der Coronavirus unser sportliches Jahresangebot f\u00fcr Euch geh\u00f6rig durcheinander gebracht. Wir sind froh nach vielen Anfragen bei den \u00c4mtern, die M\u00f6glichkeit zu haben, unter\" \/>\n<meta property=\"og:url\" content=\"https:\/\/lausitzer-sportevents.de\/marathon\/lausitzer-seenland-100\/lausitzer-seenland-100-wird-starten\/\" \/>\n<meta property=\"og:site_name\" content=\"Lausitzer Sportevents\" \/>\n<meta property=\"article:publisher\" content=\"https:\/\/www.facebook.com\/LausitzerSportEvents\" \/>\n<meta property=\"article:published_time\" content=\"2020-06-15T17:17:58+00:00\" \/>\n<meta property=\"article:modified_time\" content=\"2020-07-10T15:55:25+00:00\" \/>\n<meta property=\"og:image\" content=\"https:\/\/lausitzer-sportevents.de\/marathon\/wp-content\/uploads\/Banner-Lausitzer-Seenland-100-2020-1080x608px.jpg\" \/>\n\t<meta property=\"og:image:width\" content=\"1080\" \/>\n\t<meta property=\"og:image:height\" content=\"608\" \/>\n\t<meta property=\"og:image:type\" content=\"image\/jpeg\" \/>\n<meta name=\"author\" content=\"Lausitzer Sportevents\" \/>\n<meta name=\"twitter:card\" content=\"summary_large_image\" \/>\n<meta name=\"twitter:label1\" content=\"Verfasst von\" \/>\n\t<meta name=\"twitter:data1\" content=\"Lausitzer Sportevents\" \/>\n\t<meta name=\"twitter:label2\" content=\"Gesch\u00e4tzte Lesezeit\" \/>\n\t<meta name=\"twitter:data2\" content=\"7\u00a0Minuten\" \/>\n<script type=\"application\/ld+json\" class=\"yoast-schema-graph\">{\"@context\":\"https:\/\/schema.org\",\"@graph\":[{\"@type\":\"Article\",\"@id\":\"https:\/\/lausitzer-sportevents.de\/marathon\/lausitzer-seenland-100\/lausitzer-seenland-100-wird-starten\/#article\",\"isPartOf\":{\"@id\":\"https:\/\/lausitzer-sportevents.de\/marathon\/lausitzer-seenland-100\/lausitzer-seenland-100-wird-starten\/\"},\"author\":{\"name\":\"Lausitzer Sportevents\",\"@id\":\"https:\/\/lausitzer-sportevents.de\/marathon\/#\/schema\/person\/94618d8e6579f27c2b9eade119869106\"},\"headline\":\"Lausitzer Seenland 100 wird starten!\",\"datePublished\":\"2020-06-15T17:17:58+00:00\",\"dateModified\":\"2020-07-10T15:55:25+00:00\",\"mainEntityOfPage\":{\"@id\":\"https:\/\/lausitzer-sportevents.de\/marathon\/lausitzer-seenland-100\/lausitzer-seenland-100-wird-starten\/\"},\"wordCount\":1417,\"publisher\":{\"@id\":\"https:\/\/lausitzer-sportevents.de\/marathon\/#organization\"},\"image\":{\"@id\":\"https:\/\/lausitzer-sportevents.de\/marathon\/lausitzer-seenland-100\/lausitzer-seenland-100-wird-starten\/#primaryimage\"},\"thumbnailUrl\":\"https:\/\/lausitzer-sportevents.de\/marathon\/wp-content\/uploads\/Banner-Lausitzer-Seenland-100-2020-1080x608px.jpg\",\"articleSection\":[\"Lausitzer-Seenland 100\"],\"inLanguage\":\"de\"},{\"@type\":\"WebPage\",\"@id\":\"https:\/\/lausitzer-sportevents.de\/marathon\/lausitzer-seenland-100\/lausitzer-seenland-100-wird-starten\/\",\"url\":\"https:\/\/lausitzer-sportevents.de\/marathon\/lausitzer-seenland-100\/lausitzer-seenland-100-wird-starten\/\",\"name\":\"Lausitzer Seenland 100 wird starten! - Lausitzer Sportevents\",\"isPartOf\":{\"@id\":\"https:\/\/lausitzer-sportevents.de\/marathon\/#website\"},\"primaryImageOfPage\":{\"@id\":\"https:\/\/lausitzer-sportevents.de\/marathon\/lausitzer-seenland-100\/lausitzer-seenland-100-wird-starten\/#primaryimage\"},\"image\":{\"@id\":\"https:\/\/lausitzer-sportevents.de\/marathon\/lausitzer-seenland-100\/lausitzer-seenland-100-wird-starten\/#primaryimage\"},\"thumbnailUrl\":\"https:\/\/lausitzer-sportevents.de\/marathon\/wp-content\/uploads\/Banner-Lausitzer-Seenland-100-2020-1080x608px.jpg\",\"datePublished\":\"2020-06-15T17:17:58+00:00\",\"dateModified\":\"2020-07-10T15:55:25+00:00\",\"breadcrumb\":{\"@id\":\"https:\/\/lausitzer-sportevents.de\/marathon\/lausitzer-seenland-100\/lausitzer-seenland-100-wird-starten\/#breadcrumb\"},\"inLanguage\":\"de\",\"potentialAction\":[{\"@type\":\"ReadAction\",\"target\":[\"https:\/\/lausitzer-sportevents.de\/marathon\/lausitzer-seenland-100\/lausitzer-seenland-100-wird-starten\/\"]}]},{\"@type\":\"ImageObject\",\"inLanguage\":\"de\",\"@id\":\"https:\/\/lausitzer-sportevents.de\/marathon\/lausitzer-seenland-100\/lausitzer-seenland-100-wird-starten\/#primaryimage\",\"url\":\"https:\/\/lausitzer-sportevents.de\/marathon\/wp-content\/uploads\/Banner-Lausitzer-Seenland-100-2020-1080x608px.jpg\",\"contentUrl\":\"https:\/\/lausitzer-sportevents.de\/marathon\/wp-content\/uploads\/Banner-Lausitzer-Seenland-100-2020-1080x608px.jpg\",\"width\":1080,\"height\":608},{\"@type\":\"BreadcrumbList\",\"@id\":\"https:\/\/lausitzer-sportevents.de\/marathon\/lausitzer-seenland-100\/lausitzer-seenland-100-wird-starten\/#breadcrumb\",\"itemListElement\":[{\"@type\":\"ListItem\",\"position\":1,\"name\":\"Startseite\",\"item\":\"https:\/\/lausitzer-sportevents.de\/marathon\/\"},{\"@type\":\"ListItem\",\"position\":2,\"name\":\"Lausitzer Seenland 100 wird starten!\"}]},{\"@type\":\"WebSite\",\"@id\":\"https:\/\/lausitzer-sportevents.de\/marathon\/#website\",\"url\":\"https:\/\/lausitzer-sportevents.de\/marathon\/\",\"name\":\"Lausitzer Sportevents\",\"description\":\"Das Internetportal f\u00fcr die sportliche Lausitz\",\"publisher\":{\"@id\":\"https:\/\/lausitzer-sportevents.de\/marathon\/#organization\"},\"potentialAction\":[{\"@type\":\"SearchAction\",\"target\":{\"@type\":\"EntryPoint\",\"urlTemplate\":\"https:\/\/lausitzer-sportevents.de\/marathon\/?s={search_term_string}\"},\"query-input\":{\"@type\":\"PropertyValueSpecification\",\"valueRequired\":true,\"valueName\":\"search_term_string\"}}],\"inLanguage\":\"de\"},{\"@type\":\"Organization\",\"@id\":\"https:\/\/lausitzer-sportevents.de\/marathon\/#organization\",\"name\":\"Lausitzer Sportevents\",\"url\":\"https:\/\/lausitzer-sportevents.de\/marathon\/\",\"logo\":{\"@type\":\"ImageObject\",\"inLanguage\":\"de\",\"@id\":\"https:\/\/lausitzer-sportevents.de\/marathon\/#\/schema\/logo\/image\/\",\"url\":\"https:\/\/lausitzer-sportevents.de\/marathon\/wp-content\/uploads\/banner_lse.jpg\",\"contentUrl\":\"https:\/\/lausitzer-sportevents.de\/marathon\/wp-content\/uploads\/banner_lse.jpg\",\"width\":1240,\"height\":350,\"caption\":\"Lausitzer Sportevents\"},\"image\":{\"@id\":\"https:\/\/lausitzer-sportevents.de\/marathon\/#\/schema\/logo\/image\/\"},\"sameAs\":[\"https:\/\/www.facebook.com\/LausitzerSportEvents\",\"https:\/\/www.instagram.com\/lausitzersportevents\/\"]},{\"@type\":\"Person\",\"@id\":\"https:\/\/lausitzer-sportevents.de\/marathon\/#\/schema\/person\/94618d8e6579f27c2b9eade119869106\",\"name\":\"Lausitzer Sportevents\",\"sameAs\":[\"http:\/\/www.lausitzer-sportevents.de\"],\"url\":\"https:\/\/lausitzer-sportevents.de\/marathon\/author\/lse-admin\/\"}]}<\/script>\n<!-- \/ Yoast SEO plugin. -->","yoast_head_json":{"title":"Lausitzer Seenland 100 wird starten! - Lausitzer Sportevents","robots":{"index":"index","follow":"follow","max-snippet":"max-snippet:-1","max-image-preview":"max-image-preview:large","max-video-preview":"max-video-preview:-1"},"canonical":"https:\/\/lausitzer-sportevents.de\/marathon\/lausitzer-seenland-100\/lausitzer-seenland-100-wird-starten\/","og_locale":"de_DE","og_type":"article","og_title":"Lausitzer Seenland 100 wird starten! - Lausitzer Sportevents","og_description":"Eure Startzeiten zum 12.07.2020 k\u00f6nnt Ihr hier einsehen: https:\/\/portal.lausitz-timing.de\/ Bitte beachtet den vom Amt vorgegebenen Meldeschluss: Sonntag, 05.07.2020! Liebe Sportfreunde,leider hat der Coronavirus unser sportliches Jahresangebot f\u00fcr Euch geh\u00f6rig durcheinander gebracht. Wir sind froh nach vielen Anfragen bei den \u00c4mtern, die M\u00f6glichkeit zu haben, unter","og_url":"https:\/\/lausitzer-sportevents.de\/marathon\/lausitzer-seenland-100\/lausitzer-seenland-100-wird-starten\/","og_site_name":"Lausitzer Sportevents","article_publisher":"https:\/\/www.facebook.com\/LausitzerSportEvents","article_published_time":"2020-06-15T17:17:58+00:00","article_modified_time":"2020-07-10T15:55:25+00:00","og_image":[{"width":1080,"height":608,"url":"https:\/\/lausitzer-sportevents.de\/marathon\/wp-content\/uploads\/Banner-Lausitzer-Seenland-100-2020-1080x608px.jpg","type":"image\/jpeg"}],"author":"Lausitzer Sportevents","twitter_card":"summary_large_image","twitter_misc":{"Verfasst von":"Lausitzer Sportevents","Gesch\u00e4tzte Lesezeit":"7\u00a0Minuten"},"schema":{"@context":"https:\/\/schema.org","@graph":[{"@type":"Article","@id":"https:\/\/lausitzer-sportevents.de\/marathon\/lausitzer-seenland-100\/lausitzer-seenland-100-wird-starten\/#article","isPartOf":{"@id":"https:\/\/lausitzer-sportevents.de\/marathon\/lausitzer-seenland-100\/lausitzer-seenland-100-wird-starten\/"},"author":{"name":"Lausitzer Sportevents","@id":"https:\/\/lausitzer-sportevents.de\/marathon\/#\/schema\/person\/94618d8e6579f27c2b9eade119869106"},"headline":"Lausitzer Seenland 100 wird starten!","datePublished":"2020-06-15T17:17:58+00:00","dateModified":"2020-07-10T15:55:25+00:00","mainEntityOfPage":{"@id":"https:\/\/lausitzer-sportevents.de\/marathon\/lausitzer-seenland-100\/lausitzer-seenland-100-wird-starten\/"},"wordCount":1417,"publisher":{"@id":"https:\/\/lausitzer-sportevents.de\/marathon\/#organization"},"image":{"@id":"https:\/\/lausitzer-sportevents.de\/marathon\/lausitzer-seenland-100\/lausitzer-seenland-100-wird-starten\/#primaryimage"},"thumbnailUrl":"https:\/\/lausitzer-sportevents.de\/marathon\/wp-content\/uploads\/Banner-Lausitzer-Seenland-100-2020-1080x608px.jpg","articleSection":["Lausitzer-Seenland 100"],"inLanguage":"de"},{"@type":"WebPage","@id":"https:\/\/lausitzer-sportevents.de\/marathon\/lausitzer-seenland-100\/lausitzer-seenland-100-wird-starten\/","url":"https:\/\/lausitzer-sportevents.de\/marathon\/lausitzer-seenland-100\/lausitzer-seenland-100-wird-starten\/","name":"Lausitzer Seenland 100 wird starten! - Lausitzer Sportevents","isPartOf":{"@id":"https:\/\/lausitzer-sportevents.de\/marathon\/#website"},"primaryImageOfPage":{"@id":"https:\/\/lausitzer-sportevents.de\/marathon\/lausitzer-seenland-100\/lausitzer-seenland-100-wird-starten\/#primaryimage"},"image":{"@id":"https:\/\/lausitzer-sportevents.de\/marathon\/lausitzer-seenland-100\/lausitzer-seenland-100-wird-starten\/#primaryimage"},"thumbnailUrl":"https:\/\/lausitzer-sportevents.de\/marathon\/wp-content\/uploads\/Banner-Lausitzer-Seenland-100-2020-1080x608px.jpg","datePublished":"2020-06-15T17:17:58+00:00","dateModified":"2020-07-10T15:55:25+00:00","breadcrumb":{"@id":"https:\/\/lausitzer-sportevents.de\/marathon\/lausitzer-seenland-100\/lausitzer-seenland-100-wird-starten\/#breadcrumb"},"inLanguage":"de","potentialAction":[{"@type":"ReadAction","target":["https:\/\/lausitzer-sportevents.de\/marathon\/lausitzer-seenland-100\/lausitzer-seenland-100-wird-starten\/"]}]},{"@type":"ImageObject","inLanguage":"de","@id":"https:\/\/lausitzer-sportevents.de\/marathon\/lausitzer-seenland-100\/lausitzer-seenland-100-wird-starten\/#primaryimage","url":"https:\/\/lausitzer-sportevents.de\/marathon\/wp-content\/uploads\/Banner-Lausitzer-Seenland-100-2020-1080x608px.jpg","contentUrl":"https:\/\/lausitzer-sportevents.de\/marathon\/wp-content\/uploads\/Banner-Lausitzer-Seenland-100-2020-1080x608px.jpg","width":1080,"height":608},{"@type":"BreadcrumbList","@id":"https:\/\/lausitzer-sportevents.de\/marathon\/lausitzer-seenland-100\/lausitzer-seenland-100-wird-starten\/#breadcrumb","itemListElement":[{"@type":"ListItem","position":1,"name":"Startseite","item":"https:\/\/lausitzer-sportevents.de\/marathon\/"},{"@type":"ListItem","position":2,"name":"Lausitzer Seenland 100 wird starten!"}]},{"@type":"WebSite","@id":"https:\/\/lausitzer-sportevents.de\/marathon\/#website","url":"https:\/\/lausitzer-sportevents.de\/marathon\/","name":"Lausitzer Sportevents","description":"Das Internetportal f\u00fcr die sportliche Lausitz","publisher":{"@id":"https:\/\/lausitzer-sportevents.de\/marathon\/#organization"},"potentialAction":[{"@type":"SearchAction","target":{"@type":"EntryPoint","urlTemplate":"https:\/\/lausitzer-sportevents.de\/marathon\/?s={search_term_string}"},"query-input":{"@type":"PropertyValueSpecification","valueRequired":true,"valueName":"search_term_string"}}],"inLanguage":"de"},{"@type":"Organization","@id":"https:\/\/lausitzer-sportevents.de\/marathon\/#organization","name":"Lausitzer Sportevents","url":"https:\/\/lausitzer-sportevents.de\/marathon\/","logo":{"@type":"ImageObject","inLanguage":"de","@id":"https:\/\/lausitzer-sportevents.de\/marathon\/#\/schema\/logo\/image\/","url":"https:\/\/lausitzer-sportevents.de\/marathon\/wp-content\/uploads\/banner_lse.jpg","contentUrl":"https:\/\/lausitzer-sportevents.de\/marathon\/wp-content\/uploads\/banner_lse.jpg","width":1240,"height":350,"caption":"Lausitzer Sportevents"},"image":{"@id":"https:\/\/lausitzer-sportevents.de\/marathon\/#\/schema\/logo\/image\/"},"sameAs":["https:\/\/www.facebook.com\/LausitzerSportEvents","https:\/\/www.instagram.com\/lausitzersportevents\/"]},{"@type":"Person","@id":"https:\/\/lausitzer-sportevents.de\/marathon\/#\/schema\/person\/94618d8e6579f27c2b9eade119869106","name":"Lausitzer Sportevents","sameAs":["http:\/\/www.lausitzer-sportevents.de"],"url":"https:\/\/lausitzer-sportevents.de\/marathon\/author\/lse-admin\/"}]}},"_links":{"self":[{"href":"https:\/\/lausitzer-sportevents.de\/marathon\/wp-json\/wp\/v2\/posts\/5340","targetHints":{"allow":["GET"]}}],"collection":[{"href":"https:\/\/lausitzer-sportevents.de\/marathon\/wp-json\/wp\/v2\/posts"}],"about":[{"href":"https:\/\/lausitzer-sportevents.de\/marathon\/wp-json\/wp\/v2\/types\/post"}],"author":[{"embeddable":true,"href":"https:\/\/lausitzer-sportevents.de\/marathon\/wp-json\/wp\/v2\/users\/3"}],"replies":[{"embeddable":true,"href":"https:\/\/lausitzer-sportevents.de\/marathon\/wp-json\/wp\/v2\/comments?post=5340"}],"version-history":[{"count":91,"href":"https:\/\/lausitzer-sportevents.de\/marathon\/wp-json\/wp\/v2\/posts\/5340\/revisions"}],"predecessor-version":[{"id":5538,"href":"https:\/\/lausitzer-sportevents.de\/marathon\/wp-json\/wp\/v2\/posts\/5340\/revisions\/5538"}],"wp:featuredmedia":[{"embeddable":true,"href":"https:\/\/lausitzer-sportevents.de\/marathon\/wp-json\/wp\/v2\/media\/5446"}],"wp:attachment":[{"href":"https:\/\/lausitzer-sportevents.de\/marathon\/wp-json\/wp\/v2\/media?parent=5340"}],"wp:term":[{"taxonomy":"category","embeddable":true,"href":"https:\/\/lausitzer-sportevents.de\/marathon\/wp-json\/wp\/v2\/categories?post=5340"},{"taxonomy":"post_tag","embeddable":true,"href":"https:\/\/lausitzer-sportevents.de\/marathon\/wp-json\/wp\/v2\/tags?post=5340"}],"curies":[{"name":"wp","href":"https:\/\/api.w.org\/{rel}","templated":true}]}}