{"id":3238,"date":"2017-12-05T19:40:54","date_gmt":"2017-12-05T18:40:54","guid":{"rendered":"http:\/\/www.lausitzer-sportevents.de\/marathon\/?p=3238"},"modified":"2022-11-11T23:21:37","modified_gmt":"2022-11-11T22:21:37","slug":"faz","status":"publish","type":"post","link":"https:\/\/lausitzer-sportevents.de\/marathon\/aktuelles\/faz\/","title":{"rendered":"So tickt der Osten &#8211; Warum wurde im Osten so gew\u00e4hlt?"},"content":{"rendered":"<p>Ausnahmsweise ein Ausflug in die Politik auf unseren Seiten. Hier ein fantastisch gut geschriebener Artikel (von Stephan Locke) \u00fcber die Gef\u00fchlslage der B\u00fcrger im Osten Deutschlands. Warum wurde so gew\u00e4hlt? Hier die Antworten.<\/p>\n<h1><a href=\"http:\/\/www.faz.net\/aktuell\/gesellschaft\/menschen\/afd-erfolg-unbehagen-im-osten-koennte-sich-ausbreiten-15225782.html?GEPC=s5\" target=\"_blank\" rel=\"noopener noreferrer\"><span style=\"color: #00ccff;\"><strong>Zum Artikel in der FAZ<\/strong><\/span><\/a><\/h1>\n<p>Insbesondere unsere Sportler und G\u00e4ste aus den westlichen Bundesl\u00e4ndern ist dieser Artikel zu empfehlend. Lesen sollten diese Zeilen aber auch die Politiker im Osten, damit Sie endlich wissen was die wirklichen Probleme im Osten sind und was zu \u00e4ndern ist.<br \/>\nUnser Beitrag zur besseren Verst\u00e4ndnis von Ost- und West-Sportlern.<\/p>\n<p>Euer Hans-Joachim Weidner<\/p>\n","protected":false},"excerpt":{"rendered":"<p>Ausnahmsweise ein Ausflug in die Politik auf unseren Seiten. Hier ein fantastisch gut geschriebener Artikel (von Stephan Locke) \u00fcber die Gef\u00fchlslage der B\u00fcrger im Osten Deutschlands. Warum wurde so gew\u00e4hlt? Hier die Antworten.<\/p>\n<p> <a href=\"http:\/\/www.faz.net\/aktuell\/gesellschaft\/menschen\/afd-erfolg-unbehagen-im-osten-koennte-sich-ausbreiten-15225782.html?GEPC=s5\" target=\"_blank\" rel=\"noopener noreferrer\"><strong>Zum Artikel in der FAZ<\/strong><\/a> <\/p>\n<p>Insbesondere unsere Sportler und G\u00e4ste aus den westlichen Bundesl\u00e4ndern ist dieser Artikel zu<\/p>\n","protected":false},"author":3,"featured_media":0,"comment_status":"closed","ping_status":"closed","sticky":false,"template":"","format":"standard","meta":{"footnotes":""},"categories":[51],"tags":[],"class_list":["post-3238","post","type-post","status-publish","format-standard","hentry","category-aktuelles"],"yoast_head":"<!-- This site is optimized with the Yoast SEO plugin v26.9 - https:\/\/yoast.com\/product\/yoast-seo-wordpress\/ -->\n<title>So tickt der Osten - Warum wurde im Osten so gew\u00e4hlt? - Lausitzer Sportevents<\/title>\n<meta name=\"robots\" content=\"index, follow, max-snippet:-1, max-image-preview:large, max-video-preview:-1\" \/>\n<link rel=\"canonical\" href=\"https:\/\/lausitzer-sportevents.de\/marathon\/aktuelles\/faz\/\" \/>\n<meta property=\"og:locale\" content=\"de_DE\" \/>\n<meta property=\"og:type\" content=\"article\" \/>\n<meta property=\"og:title\" content=\"So tickt der Osten - Warum wurde im Osten so gew\u00e4hlt? - Lausitzer Sportevents\" \/>\n<meta property=\"og:description\" content=\"Ausnahmsweise ein Ausflug in die Politik auf unseren Seiten. Hier ein fantastisch gut geschriebener Artikel (von Stephan Locke) \u00fcber die Gef\u00fchlslage der B\u00fcrger im Osten Deutschlands. Warum wurde so gew\u00e4hlt? Hier die Antworten. Zum Artikel in der FAZ Insbesondere unsere Sportler und G\u00e4ste aus den westlichen Bundesl\u00e4ndern ist dieser Artikel zu\" \/>\n<meta property=\"og:url\" content=\"https:\/\/lausitzer-sportevents.de\/marathon\/aktuelles\/faz\/\" \/>\n<meta property=\"og:site_name\" content=\"Lausitzer Sportevents\" \/>\n<meta property=\"article:publisher\" content=\"https:\/\/www.facebook.com\/LausitzerSportEvents\" \/>\n<meta property=\"article:published_time\" content=\"2017-12-05T18:40:54+00:00\" \/>\n<meta property=\"article:modified_time\" content=\"2022-11-11T22:21:37+00:00\" \/>\n<meta name=\"author\" content=\"Lausitzer Sportevents\" \/>\n<meta name=\"twitter:card\" content=\"summary_large_image\" \/>\n<meta name=\"twitter:label1\" content=\"Verfasst von\" \/>\n\t<meta name=\"twitter:data1\" content=\"Lausitzer Sportevents\" \/>\n<script type=\"application\/ld+json\" class=\"yoast-schema-graph\">{\"@context\":\"https:\/\/schema.org\",\"@graph\":[{\"@type\":\"Article\",\"@id\":\"https:\/\/lausitzer-sportevents.de\/marathon\/aktuelles\/faz\/#article\",\"isPartOf\":{\"@id\":\"https:\/\/lausitzer-sportevents.de\/marathon\/aktuelles\/faz\/\"},\"author\":{\"name\":\"Lausitzer Sportevents\",\"@id\":\"https:\/\/lausitzer-sportevents.de\/marathon\/#\/schema\/person\/94618d8e6579f27c2b9eade119869106\"},\"headline\":\"So tickt der Osten &#8211; Warum wurde im Osten so gew\u00e4hlt?\",\"datePublished\":\"2017-12-05T18:40:54+00:00\",\"dateModified\":\"2022-11-11T22:21:37+00:00\",\"mainEntityOfPage\":{\"@id\":\"https:\/\/lausitzer-sportevents.de\/marathon\/aktuelles\/faz\/\"},\"wordCount\":108,\"publisher\":{\"@id\":\"https:\/\/lausitzer-sportevents.de\/marathon\/#organization\"},\"articleSection\":[\"Aktuelles\"],\"inLanguage\":\"de\"},{\"@type\":\"WebPage\",\"@id\":\"https:\/\/lausitzer-sportevents.de\/marathon\/aktuelles\/faz\/\",\"url\":\"https:\/\/lausitzer-sportevents.de\/marathon\/aktuelles\/faz\/\",\"name\":\"So tickt der Osten - Warum wurde im Osten so gew\u00e4hlt? - Lausitzer Sportevents\",\"isPartOf\":{\"@id\":\"https:\/\/lausitzer-sportevents.de\/marathon\/#website\"},\"datePublished\":\"2017-12-05T18:40:54+00:00\",\"dateModified\":\"2022-11-11T22:21:37+00:00\",\"breadcrumb\":{\"@id\":\"https:\/\/lausitzer-sportevents.de\/marathon\/aktuelles\/faz\/#breadcrumb\"},\"inLanguage\":\"de\",\"potentialAction\":[{\"@type\":\"ReadAction\",\"target\":[\"https:\/\/lausitzer-sportevents.de\/marathon\/aktuelles\/faz\/\"]}]},{\"@type\":\"BreadcrumbList\",\"@id\":\"https:\/\/lausitzer-sportevents.de\/marathon\/aktuelles\/faz\/#breadcrumb\",\"itemListElement\":[{\"@type\":\"ListItem\",\"position\":1,\"name\":\"Startseite\",\"item\":\"https:\/\/lausitzer-sportevents.de\/marathon\/\"},{\"@type\":\"ListItem\",\"position\":2,\"name\":\"So tickt der Osten &#8211; Warum wurde im Osten so gew\u00e4hlt?\"}]},{\"@type\":\"WebSite\",\"@id\":\"https:\/\/lausitzer-sportevents.de\/marathon\/#website\",\"url\":\"https:\/\/lausitzer-sportevents.de\/marathon\/\",\"name\":\"Lausitzer Sportevents\",\"description\":\"Das Internetportal f\u00fcr die sportliche Lausitz\",\"publisher\":{\"@id\":\"https:\/\/lausitzer-sportevents.de\/marathon\/#organization\"},\"potentialAction\":[{\"@type\":\"SearchAction\",\"target\":{\"@type\":\"EntryPoint\",\"urlTemplate\":\"https:\/\/lausitzer-sportevents.de\/marathon\/?s={search_term_string}\"},\"query-input\":{\"@type\":\"PropertyValueSpecification\",\"valueRequired\":true,\"valueName\":\"search_term_string\"}}],\"inLanguage\":\"de\"},{\"@type\":\"Organization\",\"@id\":\"https:\/\/lausitzer-sportevents.de\/marathon\/#organization\",\"name\":\"Lausitzer Sportevents\",\"url\":\"https:\/\/lausitzer-sportevents.de\/marathon\/\",\"logo\":{\"@type\":\"ImageObject\",\"inLanguage\":\"de\",\"@id\":\"https:\/\/lausitzer-sportevents.de\/marathon\/#\/schema\/logo\/image\/\",\"url\":\"https:\/\/lausitzer-sportevents.de\/marathon\/wp-content\/uploads\/banner_lse.jpg\",\"contentUrl\":\"https:\/\/lausitzer-sportevents.de\/marathon\/wp-content\/uploads\/banner_lse.jpg\",\"width\":1240,\"height\":350,\"caption\":\"Lausitzer Sportevents\"},\"image\":{\"@id\":\"https:\/\/lausitzer-sportevents.de\/marathon\/#\/schema\/logo\/image\/\"},\"sameAs\":[\"https:\/\/www.facebook.com\/LausitzerSportEvents\",\"https:\/\/www.instagram.com\/lausitzersportevents\/\"]},{\"@type\":\"Person\",\"@id\":\"https:\/\/lausitzer-sportevents.de\/marathon\/#\/schema\/person\/94618d8e6579f27c2b9eade119869106\",\"name\":\"Lausitzer Sportevents\",\"sameAs\":[\"http:\/\/www.lausitzer-sportevents.de\"],\"url\":\"https:\/\/lausitzer-sportevents.de\/marathon\/author\/lse-admin\/\"}]}<\/script>\n<!-- \/ Yoast SEO plugin. -->","yoast_head_json":{"title":"So tickt der Osten - Warum wurde im Osten so gew\u00e4hlt? - Lausitzer Sportevents","robots":{"index":"index","follow":"follow","max-snippet":"max-snippet:-1","max-image-preview":"max-image-preview:large","max-video-preview":"max-video-preview:-1"},"canonical":"https:\/\/lausitzer-sportevents.de\/marathon\/aktuelles\/faz\/","og_locale":"de_DE","og_type":"article","og_title":"So tickt der Osten - Warum wurde im Osten so gew\u00e4hlt? - Lausitzer Sportevents","og_description":"Ausnahmsweise ein Ausflug in die Politik auf unseren Seiten. Hier ein fantastisch gut geschriebener Artikel (von Stephan Locke) \u00fcber die Gef\u00fchlslage der B\u00fcrger im Osten Deutschlands. Warum wurde so gew\u00e4hlt? Hier die Antworten. Zum Artikel in der FAZ Insbesondere unsere Sportler und G\u00e4ste aus den westlichen Bundesl\u00e4ndern ist dieser Artikel zu","og_url":"https:\/\/lausitzer-sportevents.de\/marathon\/aktuelles\/faz\/","og_site_name":"Lausitzer Sportevents","article_publisher":"https:\/\/www.facebook.com\/LausitzerSportEvents","article_published_time":"2017-12-05T18:40:54+00:00","article_modified_time":"2022-11-11T22:21:37+00:00","author":"Lausitzer Sportevents","twitter_card":"summary_large_image","twitter_misc":{"Verfasst von":"Lausitzer Sportevents"},"schema":{"@context":"https:\/\/schema.org","@graph":[{"@type":"Article","@id":"https:\/\/lausitzer-sportevents.de\/marathon\/aktuelles\/faz\/#article","isPartOf":{"@id":"https:\/\/lausitzer-sportevents.de\/marathon\/aktuelles\/faz\/"},"author":{"name":"Lausitzer Sportevents","@id":"https:\/\/lausitzer-sportevents.de\/marathon\/#\/schema\/person\/94618d8e6579f27c2b9eade119869106"},"headline":"So tickt der Osten &#8211; Warum wurde im Osten so gew\u00e4hlt?","datePublished":"2017-12-05T18:40:54+00:00","dateModified":"2022-11-11T22:21:37+00:00","mainEntityOfPage":{"@id":"https:\/\/lausitzer-sportevents.de\/marathon\/aktuelles\/faz\/"},"wordCount":108,"publisher":{"@id":"https:\/\/lausitzer-sportevents.de\/marathon\/#organization"},"articleSection":["Aktuelles"],"inLanguage":"de"},{"@type":"WebPage","@id":"https:\/\/lausitzer-sportevents.de\/marathon\/aktuelles\/faz\/","url":"https:\/\/lausitzer-sportevents.de\/marathon\/aktuelles\/faz\/","name":"So tickt der Osten - Warum wurde im Osten so gew\u00e4hlt? - Lausitzer Sportevents","isPartOf":{"@id":"https:\/\/lausitzer-sportevents.de\/marathon\/#website"},"datePublished":"2017-12-05T18:40:54+00:00","dateModified":"2022-11-11T22:21:37+00:00","breadcrumb":{"@id":"https:\/\/lausitzer-sportevents.de\/marathon\/aktuelles\/faz\/#breadcrumb"},"inLanguage":"de","potentialAction":[{"@type":"ReadAction","target":["https:\/\/lausitzer-sportevents.de\/marathon\/aktuelles\/faz\/"]}]},{"@type":"BreadcrumbList","@id":"https:\/\/lausitzer-sportevents.de\/marathon\/aktuelles\/faz\/#breadcrumb","itemListElement":[{"@type":"ListItem","position":1,"name":"Startseite","item":"https:\/\/lausitzer-sportevents.de\/marathon\/"},{"@type":"ListItem","position":2,"name":"So tickt der Osten &#8211; Warum wurde im Osten so gew\u00e4hlt?"}]},{"@type":"WebSite","@id":"https:\/\/lausitzer-sportevents.de\/marathon\/#website","url":"https:\/\/lausitzer-sportevents.de\/marathon\/","name":"Lausitzer Sportevents","description":"Das Internetportal f\u00fcr die sportliche Lausitz","publisher":{"@id":"https:\/\/lausitzer-sportevents.de\/marathon\/#organization"},"potentialAction":[{"@type":"SearchAction","target":{"@type":"EntryPoint","urlTemplate":"https:\/\/lausitzer-sportevents.de\/marathon\/?s={search_term_string}"},"query-input":{"@type":"PropertyValueSpecification","valueRequired":true,"valueName":"search_term_string"}}],"inLanguage":"de"},{"@type":"Organization","@id":"https:\/\/lausitzer-sportevents.de\/marathon\/#organization","name":"Lausitzer Sportevents","url":"https:\/\/lausitzer-sportevents.de\/marathon\/","logo":{"@type":"ImageObject","inLanguage":"de","@id":"https:\/\/lausitzer-sportevents.de\/marathon\/#\/schema\/logo\/image\/","url":"https:\/\/lausitzer-sportevents.de\/marathon\/wp-content\/uploads\/banner_lse.jpg","contentUrl":"https:\/\/lausitzer-sportevents.de\/marathon\/wp-content\/uploads\/banner_lse.jpg","width":1240,"height":350,"caption":"Lausitzer Sportevents"},"image":{"@id":"https:\/\/lausitzer-sportevents.de\/marathon\/#\/schema\/logo\/image\/"},"sameAs":["https:\/\/www.facebook.com\/LausitzerSportEvents","https:\/\/www.instagram.com\/lausitzersportevents\/"]},{"@type":"Person","@id":"https:\/\/lausitzer-sportevents.de\/marathon\/#\/schema\/person\/94618d8e6579f27c2b9eade119869106","name":"Lausitzer Sportevents","sameAs":["http:\/\/www.lausitzer-sportevents.de"],"url":"https:\/\/lausitzer-sportevents.de\/marathon\/author\/lse-admin\/"}]}},"_links":{"self":[{"href":"https:\/\/lausitzer-sportevents.de\/marathon\/wp-json\/wp\/v2\/posts\/3238","targetHints":{"allow":["GET"]}}],"collection":[{"href":"https:\/\/lausitzer-sportevents.de\/marathon\/wp-json\/wp\/v2\/posts"}],"about":[{"href":"https:\/\/lausitzer-sportevents.de\/marathon\/wp-json\/wp\/v2\/types\/post"}],"author":[{"embeddable":true,"href":"https:\/\/lausitzer-sportevents.de\/marathon\/wp-json\/wp\/v2\/users\/3"}],"replies":[{"embeddable":true,"href":"https:\/\/lausitzer-sportevents.de\/marathon\/wp-json\/wp\/v2\/comments?post=3238"}],"version-history":[{"count":7,"href":"https:\/\/lausitzer-sportevents.de\/marathon\/wp-json\/wp\/v2\/posts\/3238\/revisions"}],"predecessor-version":[{"id":3270,"href":"https:\/\/lausitzer-sportevents.de\/marathon\/wp-json\/wp\/v2\/posts\/3238\/revisions\/3270"}],"wp:attachment":[{"href":"https:\/\/lausitzer-sportevents.de\/marathon\/wp-json\/wp\/v2\/media?parent=3238"}],"wp:term":[{"taxonomy":"category","embeddable":true,"href":"https:\/\/lausitzer-sportevents.de\/marathon\/wp-json\/wp\/v2\/categories?post=3238"},{"taxonomy":"post_tag","embeddable":true,"href":"https:\/\/lausitzer-sportevents.de\/marathon\/wp-json\/wp\/v2\/tags?post=3238"}],"curies":[{"name":"wp","href":"https:\/\/api.w.org\/{rel}","templated":true}]}}