{"id":3045,"date":"2017-07-29T14:10:27","date_gmt":"2017-07-29T14:10:27","guid":{"rendered":"http:\/\/www.lausitzer-sportevents.de\/marathon\/?p=3045"},"modified":"2017-07-29T14:13:02","modified_gmt":"2017-07-29T14:13:02","slug":"grossraeschen-war-grossartig","status":"publish","type":"post","link":"https:\/\/lausitzer-sportevents.de\/marathon\/lausitzer-seenland-100\/grossraeschen-war-grossartig\/","title":{"rendered":"Gro\u00dfr\u00e4schen war gro\u00dfartig!"},"content":{"rendered":"<p>2400 Sportler waren beim 12. Lausitzer Seenland 100 zu Gast. Dies waren wieder mehr Teilnehmer als 2016.<!--more--><\/p>\n<p>* Der Marathonlauf startete am Freitagabend bei einer Temperatur von 34,5 Grad Celsius. Das war nun wahrlich kein Laufwetter. Dass dann trotzdem so viele Sportler am Start waren:\u00a0<strong>Danke! Toll!\u00a0<\/strong><\/p>\n<p><strong>In Stichpunkten ein kleiner R\u00fcckblick.<br \/>\n<\/strong><br \/>\n* Die Stadt Gro\u00dfr\u00e4schen war ein\u00a0<strong>sehr guter Gastgeber<\/strong>. Danke hierf\u00fcr!!!!!!<\/p>\n<p>*\u00a0<strong>Ein Tr\u00e4ne\u00a0<\/strong>gibt es f\u00fcr die zuwachsenden Radstreifen auf den Stra\u00dfen und Wegen im Seenland. Im Bereich Lieske sind die Radwege so zugewachsen, dass man bei Regen nicht einmal mehr Nass wird. Leider wurde auch in der Gemarktung Senftenberg kaum etwas getan. Dies ist sehr gef\u00e4hrlich, da man dadurch den Gegenverkehr nicht fr\u00fchzeitig erkennt. Die Seen wachsen immer mehr zu. Die Sichtachsen werden immer weniger. Es gibt schon Stimmen, die sagen: &#8222;Da kann ich auch in Th\u00fcringen radeln. Ich m\u00f6chte aber Seen sehen!&#8220;. Sehr gut, das wenigstens die Stadt Gro\u00dfr\u00e4schen ihre Randstreifen kurz vorab gem\u00e4ht hat. Saubere Randstreifen gab es auch im Bereich Hoyerswerda und Bergen. Dies tr\u00e4g sehr zur Sicherheit bei.<\/p>\n<p>*\u00a0<strong>Danke auch an die LMBV<\/strong>, welche uns mit viel Toleranz die Strecken f\u00fcr die Samstag und Sonntagswettbewerbe freigegeben hat. Kurzfristig sollten wir sogar wegen einer m\u00f6glichen Fahrbahnabsenkung, die Wettbewerbe f\u00fcr Samstag und Sonntag absagen. Die Vermeidung dieser Ma\u00dfnahme hat \u00dcberzeugungskraft und uns viel Nerven gekostet.<\/p>\n<p>* Ein<strong>\u00a0riesen Danke\u00a0<\/strong>geht\u00a0<strong>an unsere 150 Helfer<\/strong>, welche unerm\u00fcdlich versuchten, eine m\u00f6glichst fehlerlose Veranstaltung f\u00fcr euch Sportler auf die Beine zu stellen. Manch Helfer hat von Freitag auf Sonntag nur 2,5 h sein Bett gesehen.<\/p>\n<p>* Viele Weltmeister und Olympiasiegern unter den Teilnehmern\u00a0<strong>(nur die Presse hat es nicht interessiert)<\/strong>.<\/p>\n<p>* 14 L\u00e4nder am Start (USA, Venezuela, Belgien, Norwegen, D\u00e4nemark, Polen, Tschechien, Schweden, Schweiz, \u00d6sterreich, Niederlande, Italien, Russland, Deutschland).<\/p>\n<p>* Die neue T-Shirt, Radtrikot und Sporthemden-Kollektion kam sehr gut an. Sie wurde vor Ort ausverkauft.<\/p>\n<p>* Noch begeisterter waren die Sportler \u00fcber die\u00a0<strong>neuen gro\u00dfen Medaillen!\u00a0<\/strong>Sportler welche beim 2. oder 3. Start, versehentlich beim Zieleinlauf das selbe Medaillenband erhalten haben, melden sich bitte. Euch wird dann noch eine andere Farbe zu gesendet. Es gab f\u00fcr die Wettbewerbe 3 verschiedene B\u00e4nder: hellblau, dunkelblau und gelb.\u00a0<strong>Einige Sportler haben gar verpasst Ihre Medaille im Ziel entgegenzunehmen.<\/strong>\u00a0Bitte bei uns melden. Diese kommt dann per Post.<\/p>\n<p>* Am Rad-Verpflegungspunkt in Schipkau wurden\u00a0<strong>58 Kannen Kaffee<\/strong>\u00a0gekocht. Bei der stichpunktartigen Kontrolle der Verpflegungb\u00e4nder wurden dort 10 Schwarzfahrer erwischt. Im kommenden Jahr<\/p>\n<p>* Die Getr\u00e4nke und Verpflegung f\u00fcr alle Sportler kostete\u00a0<strong>21.277 \u20ac<\/strong>.<\/p>\n<p>*\u00a0<strong>Die beste Leistung aller 3 Tage vollbrachte Alexander Jose Bastidas Rodriguez aus Venezuela<\/strong>, der Inlineskate-Weltmeister. Er skatete den 42,195 km Skate-Marathon in 1:04:55, dies war vor kurzem noch Weltrekord. 39 km\/h das ist schon hochachtungswert.<\/p>\n<p>*\u00a0<strong>Vollsperrung der Wettkampfstrecken<\/strong><br \/>\nDie Durchsetzung der Vollsperrung unserer Wettkampfstrecken ist ein f\u00fcr uns nicht mehr l\u00f6sbares Problem. Wir bekommen unsere Strecken nicht zu 100 Prozent sicher. Leider haben immer wieder Autofahrer, Freizeitradler (hier sogar gr\u00f6\u00dfere Gruppen) und Freizeitskater versucht unsere Streckenabsperrungen zu durchbrechen. Die Ordner werden beschimpft und die Absperrungen beiseitegeschoben (man beachte, jedes Verkehrsschild ist von uns w\u00e4hrend der Wettkampfdauer, gegen Verschiebung bewacht). Oftmals wird abseits der Ordner, dann doch auf die Strecke gefahren. Somit gef\u00e4hrden diese &#8222;Nichtsportler&#8220; unsere Teilnehmer und so mache Wettkampfzeit wird negativ beeinflusst. Wir entschuldigen uns bei unseren Sportlern f\u00fcr die Intoleranz dieser Personen.<\/p>\n<p><span class=\"rot\"><strong>Welche Wettbewerbe, Startzeiten und Veranstaltungstermin w\u00fcnscht ihr euch f\u00fcr 2018?<\/strong><\/span><br \/>\nSo manch ein Sportler w\u00fcnscht sich das 105 km Inline-Skaten wieder im Programm. Nur ben\u00f6tigen wir hierzu mindestens 55 Teilnehmer, bei einer Anmeldung bis zum 30. April 2018, um die l\u00e4ngeren Sperrzeiten auch zu rechtfertigen. Sollte diese Anzahl nicht zustande kommen, dann werden die Teilnehmer automatisch auf den Marathon umgemeldet.<br \/>\nEinen 10 km Run &amp; Bike Wettbewerb wird es im neuen Jahr geben.<\/p>\n<p>Hier unsere Fragen an euch:<br \/>\n<strong>Wann soll 2018 die 13. Auflage starten?\u00a0<\/strong>So macher Sportler sagte, es gab kein bezahlbares Quartier mehr zu unserem Zeitpunkt (Urlaubszeit, Ferienzeit) Hier unsere Vorschl\u00e4ge: 8.-10. Juni, 15.-17. Juni oder 6.-8. Juli 2018. Bitte beachtet auch, die Fu\u00dfball-WM beginnt am 14. Juni.<\/p>\n<p><strong>Welche Strecken w\u00fcnscht ihr euch, zu welchen Startzeiten?<\/strong><br \/>\nWie haben euch die Freitagwettbwerbe mit den Startzeiten gefallen? Soll der Marathonlauf am Samstag um 08.00 Uhr starten?<\/p>\n<p>Schreibt uns an organisation@seenland100.de<\/p>\n<p>10 \u20ac Gutschrift auf euren Start 2018 gibt es f\u00fcr jede ausf\u00fchrliche Antwort.<\/p>\n","protected":false},"excerpt":{"rendered":"<p>2400 Sportler waren beim 12. Lausitzer Seenland 100 zu Gast. Dies waren wieder mehr Teilnehmer als 2016.<\/p>\n","protected":false},"author":3,"featured_media":0,"comment_status":"closed","ping_status":"closed","sticky":false,"template":"","format":"standard","meta":{"footnotes":""},"categories":[36],"tags":[],"class_list":["post-3045","post","type-post","status-publish","format-standard","hentry","category-lausitzer-seenland-100"],"yoast_head":"<!-- This site is optimized with the Yoast SEO plugin v26.9 - https:\/\/yoast.com\/product\/yoast-seo-wordpress\/ -->\n<title>Gro\u00dfr\u00e4schen war gro\u00dfartig! - Lausitzer Sportevents<\/title>\n<meta name=\"robots\" content=\"index, follow, max-snippet:-1, max-image-preview:large, max-video-preview:-1\" \/>\n<link rel=\"canonical\" href=\"https:\/\/lausitzer-sportevents.de\/marathon\/lausitzer-seenland-100\/grossraeschen-war-grossartig\/\" \/>\n<meta property=\"og:locale\" content=\"de_DE\" \/>\n<meta property=\"og:type\" content=\"article\" \/>\n<meta property=\"og:title\" content=\"Gro\u00dfr\u00e4schen war gro\u00dfartig! - Lausitzer Sportevents\" \/>\n<meta property=\"og:description\" content=\"2400 Sportler waren beim 12. Lausitzer Seenland 100 zu Gast. Dies waren wieder mehr Teilnehmer als 2016.\" \/>\n<meta property=\"og:url\" content=\"https:\/\/lausitzer-sportevents.de\/marathon\/lausitzer-seenland-100\/grossraeschen-war-grossartig\/\" \/>\n<meta property=\"og:site_name\" content=\"Lausitzer Sportevents\" \/>\n<meta property=\"article:publisher\" content=\"https:\/\/www.facebook.com\/LausitzerSportEvents\" \/>\n<meta property=\"article:published_time\" content=\"2017-07-29T14:10:27+00:00\" \/>\n<meta property=\"article:modified_time\" content=\"2017-07-29T14:13:02+00:00\" \/>\n<meta name=\"author\" content=\"Lausitzer Sportevents\" \/>\n<meta name=\"twitter:card\" content=\"summary_large_image\" \/>\n<meta name=\"twitter:label1\" content=\"Verfasst von\" \/>\n\t<meta name=\"twitter:data1\" content=\"Lausitzer Sportevents\" \/>\n\t<meta name=\"twitter:label2\" content=\"Gesch\u00e4tzte Lesezeit\" \/>\n\t<meta name=\"twitter:data2\" content=\"4\u00a0Minuten\" \/>\n<script type=\"application\/ld+json\" class=\"yoast-schema-graph\">{\"@context\":\"https:\/\/schema.org\",\"@graph\":[{\"@type\":\"Article\",\"@id\":\"https:\/\/lausitzer-sportevents.de\/marathon\/lausitzer-seenland-100\/grossraeschen-war-grossartig\/#article\",\"isPartOf\":{\"@id\":\"https:\/\/lausitzer-sportevents.de\/marathon\/lausitzer-seenland-100\/grossraeschen-war-grossartig\/\"},\"author\":{\"name\":\"Lausitzer Sportevents\",\"@id\":\"https:\/\/lausitzer-sportevents.de\/marathon\/#\/schema\/person\/94618d8e6579f27c2b9eade119869106\"},\"headline\":\"Gro\u00dfr\u00e4schen war gro\u00dfartig!\",\"datePublished\":\"2017-07-29T14:10:27+00:00\",\"dateModified\":\"2017-07-29T14:13:02+00:00\",\"mainEntityOfPage\":{\"@id\":\"https:\/\/lausitzer-sportevents.de\/marathon\/lausitzer-seenland-100\/grossraeschen-war-grossartig\/\"},\"wordCount\":720,\"publisher\":{\"@id\":\"https:\/\/lausitzer-sportevents.de\/marathon\/#organization\"},\"articleSection\":[\"Lausitzer-Seenland 100\"],\"inLanguage\":\"de\"},{\"@type\":\"WebPage\",\"@id\":\"https:\/\/lausitzer-sportevents.de\/marathon\/lausitzer-seenland-100\/grossraeschen-war-grossartig\/\",\"url\":\"https:\/\/lausitzer-sportevents.de\/marathon\/lausitzer-seenland-100\/grossraeschen-war-grossartig\/\",\"name\":\"Gro\u00dfr\u00e4schen war gro\u00dfartig! - Lausitzer Sportevents\",\"isPartOf\":{\"@id\":\"https:\/\/lausitzer-sportevents.de\/marathon\/#website\"},\"datePublished\":\"2017-07-29T14:10:27+00:00\",\"dateModified\":\"2017-07-29T14:13:02+00:00\",\"breadcrumb\":{\"@id\":\"https:\/\/lausitzer-sportevents.de\/marathon\/lausitzer-seenland-100\/grossraeschen-war-grossartig\/#breadcrumb\"},\"inLanguage\":\"de\",\"potentialAction\":[{\"@type\":\"ReadAction\",\"target\":[\"https:\/\/lausitzer-sportevents.de\/marathon\/lausitzer-seenland-100\/grossraeschen-war-grossartig\/\"]}]},{\"@type\":\"BreadcrumbList\",\"@id\":\"https:\/\/lausitzer-sportevents.de\/marathon\/lausitzer-seenland-100\/grossraeschen-war-grossartig\/#breadcrumb\",\"itemListElement\":[{\"@type\":\"ListItem\",\"position\":1,\"name\":\"Startseite\",\"item\":\"https:\/\/lausitzer-sportevents.de\/marathon\/\"},{\"@type\":\"ListItem\",\"position\":2,\"name\":\"Gro\u00dfr\u00e4schen war gro\u00dfartig!\"}]},{\"@type\":\"WebSite\",\"@id\":\"https:\/\/lausitzer-sportevents.de\/marathon\/#website\",\"url\":\"https:\/\/lausitzer-sportevents.de\/marathon\/\",\"name\":\"Lausitzer Sportevents\",\"description\":\"Das Internetportal f\u00fcr die sportliche Lausitz\",\"publisher\":{\"@id\":\"https:\/\/lausitzer-sportevents.de\/marathon\/#organization\"},\"potentialAction\":[{\"@type\":\"SearchAction\",\"target\":{\"@type\":\"EntryPoint\",\"urlTemplate\":\"https:\/\/lausitzer-sportevents.de\/marathon\/?s={search_term_string}\"},\"query-input\":{\"@type\":\"PropertyValueSpecification\",\"valueRequired\":true,\"valueName\":\"search_term_string\"}}],\"inLanguage\":\"de\"},{\"@type\":\"Organization\",\"@id\":\"https:\/\/lausitzer-sportevents.de\/marathon\/#organization\",\"name\":\"Lausitzer Sportevents\",\"url\":\"https:\/\/lausitzer-sportevents.de\/marathon\/\",\"logo\":{\"@type\":\"ImageObject\",\"inLanguage\":\"de\",\"@id\":\"https:\/\/lausitzer-sportevents.de\/marathon\/#\/schema\/logo\/image\/\",\"url\":\"https:\/\/lausitzer-sportevents.de\/marathon\/wp-content\/uploads\/banner_lse.jpg\",\"contentUrl\":\"https:\/\/lausitzer-sportevents.de\/marathon\/wp-content\/uploads\/banner_lse.jpg\",\"width\":1240,\"height\":350,\"caption\":\"Lausitzer Sportevents\"},\"image\":{\"@id\":\"https:\/\/lausitzer-sportevents.de\/marathon\/#\/schema\/logo\/image\/\"},\"sameAs\":[\"https:\/\/www.facebook.com\/LausitzerSportEvents\",\"https:\/\/www.instagram.com\/lausitzersportevents\/\"]},{\"@type\":\"Person\",\"@id\":\"https:\/\/lausitzer-sportevents.de\/marathon\/#\/schema\/person\/94618d8e6579f27c2b9eade119869106\",\"name\":\"Lausitzer Sportevents\",\"sameAs\":[\"http:\/\/www.lausitzer-sportevents.de\"],\"url\":\"https:\/\/lausitzer-sportevents.de\/marathon\/author\/lse-admin\/\"}]}<\/script>\n<!-- \/ Yoast SEO plugin. -->","yoast_head_json":{"title":"Gro\u00dfr\u00e4schen war gro\u00dfartig! - Lausitzer Sportevents","robots":{"index":"index","follow":"follow","max-snippet":"max-snippet:-1","max-image-preview":"max-image-preview:large","max-video-preview":"max-video-preview:-1"},"canonical":"https:\/\/lausitzer-sportevents.de\/marathon\/lausitzer-seenland-100\/grossraeschen-war-grossartig\/","og_locale":"de_DE","og_type":"article","og_title":"Gro\u00dfr\u00e4schen war gro\u00dfartig! - Lausitzer Sportevents","og_description":"2400 Sportler waren beim 12. Lausitzer Seenland 100 zu Gast. Dies waren wieder mehr Teilnehmer als 2016.","og_url":"https:\/\/lausitzer-sportevents.de\/marathon\/lausitzer-seenland-100\/grossraeschen-war-grossartig\/","og_site_name":"Lausitzer Sportevents","article_publisher":"https:\/\/www.facebook.com\/LausitzerSportEvents","article_published_time":"2017-07-29T14:10:27+00:00","article_modified_time":"2017-07-29T14:13:02+00:00","author":"Lausitzer Sportevents","twitter_card":"summary_large_image","twitter_misc":{"Verfasst von":"Lausitzer Sportevents","Gesch\u00e4tzte Lesezeit":"4\u00a0Minuten"},"schema":{"@context":"https:\/\/schema.org","@graph":[{"@type":"Article","@id":"https:\/\/lausitzer-sportevents.de\/marathon\/lausitzer-seenland-100\/grossraeschen-war-grossartig\/#article","isPartOf":{"@id":"https:\/\/lausitzer-sportevents.de\/marathon\/lausitzer-seenland-100\/grossraeschen-war-grossartig\/"},"author":{"name":"Lausitzer Sportevents","@id":"https:\/\/lausitzer-sportevents.de\/marathon\/#\/schema\/person\/94618d8e6579f27c2b9eade119869106"},"headline":"Gro\u00dfr\u00e4schen war gro\u00dfartig!","datePublished":"2017-07-29T14:10:27+00:00","dateModified":"2017-07-29T14:13:02+00:00","mainEntityOfPage":{"@id":"https:\/\/lausitzer-sportevents.de\/marathon\/lausitzer-seenland-100\/grossraeschen-war-grossartig\/"},"wordCount":720,"publisher":{"@id":"https:\/\/lausitzer-sportevents.de\/marathon\/#organization"},"articleSection":["Lausitzer-Seenland 100"],"inLanguage":"de"},{"@type":"WebPage","@id":"https:\/\/lausitzer-sportevents.de\/marathon\/lausitzer-seenland-100\/grossraeschen-war-grossartig\/","url":"https:\/\/lausitzer-sportevents.de\/marathon\/lausitzer-seenland-100\/grossraeschen-war-grossartig\/","name":"Gro\u00dfr\u00e4schen war gro\u00dfartig! - Lausitzer Sportevents","isPartOf":{"@id":"https:\/\/lausitzer-sportevents.de\/marathon\/#website"},"datePublished":"2017-07-29T14:10:27+00:00","dateModified":"2017-07-29T14:13:02+00:00","breadcrumb":{"@id":"https:\/\/lausitzer-sportevents.de\/marathon\/lausitzer-seenland-100\/grossraeschen-war-grossartig\/#breadcrumb"},"inLanguage":"de","potentialAction":[{"@type":"ReadAction","target":["https:\/\/lausitzer-sportevents.de\/marathon\/lausitzer-seenland-100\/grossraeschen-war-grossartig\/"]}]},{"@type":"BreadcrumbList","@id":"https:\/\/lausitzer-sportevents.de\/marathon\/lausitzer-seenland-100\/grossraeschen-war-grossartig\/#breadcrumb","itemListElement":[{"@type":"ListItem","position":1,"name":"Startseite","item":"https:\/\/lausitzer-sportevents.de\/marathon\/"},{"@type":"ListItem","position":2,"name":"Gro\u00dfr\u00e4schen war gro\u00dfartig!"}]},{"@type":"WebSite","@id":"https:\/\/lausitzer-sportevents.de\/marathon\/#website","url":"https:\/\/lausitzer-sportevents.de\/marathon\/","name":"Lausitzer Sportevents","description":"Das Internetportal f\u00fcr die sportliche Lausitz","publisher":{"@id":"https:\/\/lausitzer-sportevents.de\/marathon\/#organization"},"potentialAction":[{"@type":"SearchAction","target":{"@type":"EntryPoint","urlTemplate":"https:\/\/lausitzer-sportevents.de\/marathon\/?s={search_term_string}"},"query-input":{"@type":"PropertyValueSpecification","valueRequired":true,"valueName":"search_term_string"}}],"inLanguage":"de"},{"@type":"Organization","@id":"https:\/\/lausitzer-sportevents.de\/marathon\/#organization","name":"Lausitzer Sportevents","url":"https:\/\/lausitzer-sportevents.de\/marathon\/","logo":{"@type":"ImageObject","inLanguage":"de","@id":"https:\/\/lausitzer-sportevents.de\/marathon\/#\/schema\/logo\/image\/","url":"https:\/\/lausitzer-sportevents.de\/marathon\/wp-content\/uploads\/banner_lse.jpg","contentUrl":"https:\/\/lausitzer-sportevents.de\/marathon\/wp-content\/uploads\/banner_lse.jpg","width":1240,"height":350,"caption":"Lausitzer Sportevents"},"image":{"@id":"https:\/\/lausitzer-sportevents.de\/marathon\/#\/schema\/logo\/image\/"},"sameAs":["https:\/\/www.facebook.com\/LausitzerSportEvents","https:\/\/www.instagram.com\/lausitzersportevents\/"]},{"@type":"Person","@id":"https:\/\/lausitzer-sportevents.de\/marathon\/#\/schema\/person\/94618d8e6579f27c2b9eade119869106","name":"Lausitzer Sportevents","sameAs":["http:\/\/www.lausitzer-sportevents.de"],"url":"https:\/\/lausitzer-sportevents.de\/marathon\/author\/lse-admin\/"}]}},"_links":{"self":[{"href":"https:\/\/lausitzer-sportevents.de\/marathon\/wp-json\/wp\/v2\/posts\/3045","targetHints":{"allow":["GET"]}}],"collection":[{"href":"https:\/\/lausitzer-sportevents.de\/marathon\/wp-json\/wp\/v2\/posts"}],"about":[{"href":"https:\/\/lausitzer-sportevents.de\/marathon\/wp-json\/wp\/v2\/types\/post"}],"author":[{"embeddable":true,"href":"https:\/\/lausitzer-sportevents.de\/marathon\/wp-json\/wp\/v2\/users\/3"}],"replies":[{"embeddable":true,"href":"https:\/\/lausitzer-sportevents.de\/marathon\/wp-json\/wp\/v2\/comments?post=3045"}],"version-history":[{"count":4,"href":"https:\/\/lausitzer-sportevents.de\/marathon\/wp-json\/wp\/v2\/posts\/3045\/revisions"}],"predecessor-version":[{"id":3049,"href":"https:\/\/lausitzer-sportevents.de\/marathon\/wp-json\/wp\/v2\/posts\/3045\/revisions\/3049"}],"wp:attachment":[{"href":"https:\/\/lausitzer-sportevents.de\/marathon\/wp-json\/wp\/v2\/media?parent=3045"}],"wp:term":[{"taxonomy":"category","embeddable":true,"href":"https:\/\/lausitzer-sportevents.de\/marathon\/wp-json\/wp\/v2\/categories?post=3045"},{"taxonomy":"post_tag","embeddable":true,"href":"https:\/\/lausitzer-sportevents.de\/marathon\/wp-json\/wp\/v2\/tags?post=3045"}],"curies":[{"name":"wp","href":"https:\/\/api.w.org\/{rel}","templated":true}]}}